{"id":930,"date":"2022-11-17T10:02:18","date_gmt":"2022-11-17T09:02:18","guid":{"rendered":"https:\/\/rytmus.se\/stockholm\/?post_type=article&#038;p=930"},"modified":"2024-01-23T13:55:35","modified_gmt":"2024-01-23T12:55:35","slug":"clinic-med-paul-ray","status":"publish","type":"article","link":"https:\/\/rytmus.se\/stockholm\/clinics-och-nyheter\/clinic-med-paul-ray\/","title":{"rendered":"Clinic med Paul Rey"},"content":{"rendered":"\n<div class=\"wp-block-columns is-layout-flex wp-container-core-columns-layout-1 wp-block-columns-is-layout-flex\">\n<div class=\"wp-block-column is-layout-flow wp-block-column-is-layout-flow\">\n<h1 class=\"wp-block-heading\">Clinic med Paul Rey<\/h1>\n\n\n\n<p>Paul Rey har i sin karri\u00e4r redan hunnit g\u00f6ra musik med Snoop Dogg, haft Quincy Jones som mentor och sjungit sig in till svenska folkets hj\u00e4rta tv\u00e5 g\u00e5nger om i Melodifestivalen med l\u00e5tarna \u201dTalking in My Sleep\u201d och \u201dThe Missing Piece\u201d.<\/p>\n\n\n\n<p>Paul har \u00e4ven streamats \u00f6ver 200 miljoner g\u00e5nger p\u00e5 Spotify, och nu kommer han till Rytmus!<\/p>\n\n\n\n<p>Varmt V\u00e4lkommen<\/p>\n<\/div>\n\n\n\n<div class=\"wp-block-column is-layout-flow wp-block-column-is-layout-flow\">\n\t<style>\n\t\t.inner {\n\n\t\t\tmargin: 0 auto;\n\n\n\t\t}\n\t<\/style>\n\t<div\n\t\t class=\"container images-module\" >\n\t\t<div class=\"row images_module__slideshow\">\n\n\t\t\t<div\n\t\t\t\t\tclass=\"col-md-12 p-0 position-relative images_module__slideshow images_module__slideshow-container  \">\n\t\t\t\t<div class=\"images_module__slide\" data-slide=\"\"\n\t\t\t\t\t data-duration=\"\"><\/div>\n\t\t\t\t\t\t\t\t\t<div\n\t\t\t\t\t\t class=\"images_module__slides\n\n\t\t\t\t\t   \"\n\t\t\t\t\t>\n\n\t\t\t\t\t\t<div class=\"images__wrapper\" style=\"aspect-ratio: 851 \/ 851;\">\n\t\t\t\t\t\t\t<img decoding=\"async\" width=\"1440\" height=\"1440\" src=\"https:\/\/rytmus.se\/wp-content\/uploads\/sites\/3\/2022\/11\/paul-ray-1.jpeg\" class=\"images__image_ratio  \" alt=\"Paul Ray.\" style=\"aspect-ratio: 851 \/ 851;object-position: center center;\" srcset=\"https:\/\/rytmus.se\/wp-content\/uploads\/sites\/3\/2022\/11\/paul-ray-1.jpeg 1440w, https:\/\/rytmus.se\/wp-content\/uploads\/sites\/3\/2022\/11\/paul-ray-1-150x150.jpeg 150w, https:\/\/rytmus.se\/wp-content\/uploads\/sites\/3\/2022\/11\/paul-ray-1-300x300.jpeg 300w, https:\/\/rytmus.se\/wp-content\/uploads\/sites\/3\/2022\/11\/paul-ray-1-400x400.jpeg 400w, https:\/\/rytmus.se\/wp-content\/uploads\/sites\/3\/2022\/11\/paul-ray-1-600x600.jpeg 600w, https:\/\/rytmus.se\/wp-content\/uploads\/sites\/3\/2022\/11\/paul-ray-1-800x800.jpeg 800w, https:\/\/rytmus.se\/wp-content\/uploads\/sites\/3\/2022\/11\/paul-ray-1-1024x1024.jpeg 1024w, https:\/\/rytmus.se\/wp-content\/uploads\/sites\/3\/2022\/11\/paul-ray-1-1200x1200.jpeg 1200w\" sizes=\"(max-width: 1440px) 100vw, 1440px\" \/>\t\t\t\t\t\t<\/div>\n\t\t\t\t\t\t\n\n\t\t\t\t\t\t\t\t\t\t\t<\/div>\n\t\t\t\t\n\t\t\t\t<div class=\"images_module__container_dot\">\n\t\t\t\t\t<div style=\"text-align:center\">\n\n\n\t\t\t\t\t\t\t\t\t\t\t\t\t<span   data-i=\"0\"\n\t\t\t\t\t\t\t\t  class=\"\n\t\t\t\t\t\t\timages_module__dot\n\t\t\t\t\t\t\t\t\t\t\t\t\t\t\"\n\t\t\t\t\t\t\t><\/span>\n\t\t\t\t\t\t\t\t\t\t\t<\/div>\n\t\t\t\t<\/div>\n\n\n\t\t\t<\/div>\n\t\t<\/div>\n\t<\/div>\n\n\t\n\n\n<script>\n\tvar images_display_descriptive_text = \"\";\n<\/script>\n<\/div>\n<\/div>\n\n\n\n\n<section  class=\"ams-cta ams-cta--stacked c-block l-stacked\" data-color-scheme=\"gra-ljus\">\n\t<div class=\"l-container l-stack l-stack-fluid-2xl u-pt-fluid-2xl-4xl u-pb-fluid-2xl-4xl is-center is-center@md\">\n\t\t\t\t\t<div class=\"ams-cta__intro l-stack l-stack-lg\">\n\t\t\t\t\t\n\t<h2\n\tclass=\"c-heading u-font-title-1 \"\n\tstyle=\"\">\n\t\t\n\t\t\t\t\tVill du l\u00e4sa mer om Clinics?\n\t\t\t\t\n\t<\/h2>\n\n\t\t\t\t\t\t\t<\/div>\n\t\t\n\t\t\n\t\t\t<div class=\"ams-cta__action u-inline-items\">\n\t\t\t\t\t\t\t\n\n\n<a href=\"https:\/\/rytmus.se\/stockholm\/om-rytmus-stockholm\/clinics\/\"\n\t\n\tclass=\"c-btn \"\n\tdata-style=\"square\"\n\tdata-size=\"md\"\n\tdata-width=\"full-mobile\"\n\tdata-variant=\"default\"\n\ttarget=\"_self\">\n\t\t\t<span class=\"label\"> Om Clinics<\/span>\n\t\t\t<\/a>\n\t\t\t<\/div>\n\t<\/div>\n\n\t\t\n\n<\/section>\n","protected":false},"template":"","article_category":[5],"yoast_head":"<!-- This site is optimized with the Yoast SEO plugin v22.0 - https:\/\/yoast.com\/wordpress\/plugins\/seo\/ -->\n<title>Stockholm<\/title>\n<meta name=\"description\" content=\"Dags f\u00f6r Clinic och den h\u00e4r g\u00e5ngen f\u00e5r vi bes\u00f6k av Paul Rey som sjungit sig in till svenska folkets hj\u00e4rta tv\u00e5 g\u00e5nger i Melodifestivalen.\" \/>\n<meta name=\"robots\" content=\"index, follow, max-snippet:-1, max-image-preview:large, max-video-preview:-1\" \/>\n<link rel=\"canonical\" href=\"https:\/\/rytmus.se\/stockholm\/clinics-och-nyheter\/clinic-med-paul-ray\/\" \/>\n<meta property=\"og:locale\" content=\"sv_SE\" \/>\n<meta property=\"og:type\" content=\"article\" \/>\n<meta property=\"og:description\" content=\"Dags f\u00f6r Clinic och den h\u00e4r g\u00e5ngen f\u00e5r vi bes\u00f6k av Paul Rey som sjungit sig in till svenska folkets hj\u00e4rta tv\u00e5 g\u00e5nger i Melodifestivalen.\" \/>\n<meta property=\"og:url\" content=\"https:\/\/rytmus.se\/stockholm\/clinics-och-nyheter\/clinic-med-paul-ray\/\" \/>\n<meta property=\"og:site_name\" content=\"Stockholm\" \/>\n<meta property=\"article:modified_time\" content=\"2024-01-23T12:55:35+00:00\" \/>\n<meta name=\"twitter:card\" content=\"summary_large_image\" \/>\n<meta name=\"twitter:description\" content=\"Dags f\u00f6r Clinic och den h\u00e4r g\u00e5ngen f\u00e5r vi bes\u00f6k av Paul Rey som sjungit sig in till svenska folkets hj\u00e4rta tv\u00e5 g\u00e5nger i Melodifestivalen.\" \/>\n<meta name=\"twitter:image\" content=\"https:\/\/rytmus.se\/wp-content\/uploads\/sites\/3\/2022\/11\/paul-ray-1-1200x630.jpeg\" \/>\n<meta name=\"twitter:label1\" content=\"Ber\u00e4knad l\u00e4stid\" \/>\n\t<meta name=\"twitter:data1\" content=\"1 minut\" \/>\n<script type=\"application\/ld+json\" class=\"yoast-schema-graph\">{\"@context\":\"https:\/\/schema.org\",\"@graph\":[{\"@type\":\"WebPage\",\"@id\":\"https:\/\/rytmus.se\/stockholm\/clinics-och-nyheter\/clinic-med-paul-ray\/\",\"url\":\"https:\/\/rytmus.se\/stockholm\/clinics-och-nyheter\/clinic-med-paul-ray\/\",\"name\":\"Clinic med Paul Rey - Stockholm\",\"isPartOf\":{\"@id\":\"https:\/\/rytmus.se\/stockholm\/#website\"},\"datePublished\":\"2022-11-17T09:02:18+00:00\",\"dateModified\":\"2024-01-23T12:55:35+00:00\",\"description\":\"Dags f\u00f6r Clinic och den h\u00e4r g\u00e5ngen f\u00e5r vi bes\u00f6k av Paul Rey som sjungit sig in till svenska folkets hj\u00e4rta tv\u00e5 g\u00e5nger i Melodifestivalen.\",\"breadcrumb\":{\"@id\":\"https:\/\/rytmus.se\/stockholm\/clinics-och-nyheter\/clinic-med-paul-ray\/#breadcrumb\"},\"inLanguage\":\"sv-SE\",\"potentialAction\":[{\"@type\":\"ReadAction\",\"target\":[\"https:\/\/rytmus.se\/stockholm\/clinics-och-nyheter\/clinic-med-paul-ray\/\"]}]},{\"@type\":\"BreadcrumbList\",\"@id\":\"https:\/\/rytmus.se\/stockholm\/clinics-och-nyheter\/clinic-med-paul-ray\/#breadcrumb\",\"itemListElement\":[{\"@type\":\"ListItem\",\"position\":1,\"name\":\"Start\",\"item\":\"https:\/\/rytmus.se\/stockholm\"},{\"@type\":\"ListItem\",\"position\":2,\"name\":\"Clinics och nyheter\"}]},{\"@type\":\"WebSite\",\"@id\":\"https:\/\/rytmus.se\/stockholm\/#website\",\"url\":\"https:\/\/rytmus.se\/stockholm\/\",\"name\":\"Stockholm\",\"description\":\"MAKE | MUSIC | LIVE\",\"potentialAction\":[{\"@type\":\"SearchAction\",\"target\":{\"@type\":\"EntryPoint\",\"urlTemplate\":\"https:\/\/rytmus.se\/stockholm\/?s={search_term_string}\"},\"query-input\":\"required name=search_term_string\"}],\"inLanguage\":\"sv-SE\"}]}<\/script>\n<!-- \/ Yoast SEO plugin. -->","yoast_head_json":{"title":"Stockholm","description":"Dags f\u00f6r Clinic och den h\u00e4r g\u00e5ngen f\u00e5r vi bes\u00f6k av Paul Rey som sjungit sig in till svenska folkets hj\u00e4rta tv\u00e5 g\u00e5nger i Melodifestivalen.","robots":{"index":"index","follow":"follow","max-snippet":"max-snippet:-1","max-image-preview":"max-image-preview:large","max-video-preview":"max-video-preview:-1"},"canonical":"https:\/\/rytmus.se\/stockholm\/clinics-och-nyheter\/clinic-med-paul-ray\/","og_locale":"sv_SE","og_type":"article","og_description":"Dags f\u00f6r Clinic och den h\u00e4r g\u00e5ngen f\u00e5r vi bes\u00f6k av Paul Rey som sjungit sig in till svenska folkets hj\u00e4rta tv\u00e5 g\u00e5nger i Melodifestivalen.","og_url":"https:\/\/rytmus.se\/stockholm\/clinics-och-nyheter\/clinic-med-paul-ray\/","og_site_name":"Stockholm","article_modified_time":"2024-01-23T12:55:35+00:00","twitter_card":"summary_large_image","twitter_description":"Dags f\u00f6r Clinic och den h\u00e4r g\u00e5ngen f\u00e5r vi bes\u00f6k av Paul Rey som sjungit sig in till svenska folkets hj\u00e4rta tv\u00e5 g\u00e5nger i Melodifestivalen.","twitter_image":"https:\/\/rytmus.se\/wp-content\/uploads\/sites\/3\/2022\/11\/paul-ray-1-1200x630.jpeg","twitter_misc":{"Ber\u00e4knad l\u00e4stid":"1 minut"},"schema":{"@context":"https:\/\/schema.org","@graph":[{"@type":"WebPage","@id":"https:\/\/rytmus.se\/stockholm\/clinics-och-nyheter\/clinic-med-paul-ray\/","url":"https:\/\/rytmus.se\/stockholm\/clinics-och-nyheter\/clinic-med-paul-ray\/","name":"Clinic med Paul Rey - Stockholm","isPartOf":{"@id":"https:\/\/rytmus.se\/stockholm\/#website"},"datePublished":"2022-11-17T09:02:18+00:00","dateModified":"2024-01-23T12:55:35+00:00","description":"Dags f\u00f6r Clinic och den h\u00e4r g\u00e5ngen f\u00e5r vi bes\u00f6k av Paul Rey som sjungit sig in till svenska folkets hj\u00e4rta tv\u00e5 g\u00e5nger i Melodifestivalen.","breadcrumb":{"@id":"https:\/\/rytmus.se\/stockholm\/clinics-och-nyheter\/clinic-med-paul-ray\/#breadcrumb"},"inLanguage":"sv-SE","potentialAction":[{"@type":"ReadAction","target":["https:\/\/rytmus.se\/stockholm\/clinics-och-nyheter\/clinic-med-paul-ray\/"]}]},{"@type":"BreadcrumbList","@id":"https:\/\/rytmus.se\/stockholm\/clinics-och-nyheter\/clinic-med-paul-ray\/#breadcrumb","itemListElement":[{"@type":"ListItem","position":1,"name":"Start","item":"https:\/\/rytmus.se\/stockholm"},{"@type":"ListItem","position":2,"name":"Clinics och nyheter"}]},{"@type":"WebSite","@id":"https:\/\/rytmus.se\/stockholm\/#website","url":"https:\/\/rytmus.se\/stockholm\/","name":"Stockholm","description":"MAKE | MUSIC | LIVE","potentialAction":[{"@type":"SearchAction","target":{"@type":"EntryPoint","urlTemplate":"https:\/\/rytmus.se\/stockholm\/?s={search_term_string}"},"query-input":"required name=search_term_string"}],"inLanguage":"sv-SE"}]}},"_links":{"self":[{"href":"https:\/\/rytmus.se\/stockholm\/wp-json\/wp\/v2\/article\/930"}],"collection":[{"href":"https:\/\/rytmus.se\/stockholm\/wp-json\/wp\/v2\/article"}],"about":[{"href":"https:\/\/rytmus.se\/stockholm\/wp-json\/wp\/v2\/types\/article"}],"wp:attachment":[{"href":"https:\/\/rytmus.se\/stockholm\/wp-json\/wp\/v2\/media?parent=930"}],"wp:term":[{"taxonomy":"article_category","embeddable":true,"href":"https:\/\/rytmus.se\/stockholm\/wp-json\/wp\/v2\/article_category?post=930"}],"curies":[{"name":"wp","href":"https:\/\/api.w.org\/{rel}","templated":true}]}}