{"id":1255,"date":"2022-12-08T11:43:11","date_gmt":"2022-12-08T10:43:11","guid":{"rendered":"https:\/\/rytmus.se\/stockholm\/?post_type=article&#038;p=1255"},"modified":"2024-01-23T13:53:24","modified_gmt":"2024-01-23T12:53:24","slug":"clinic-med-ulf-rockis-ivarsson","status":"publish","type":"article","link":"https:\/\/rytmus.se\/stockholm\/clinics-och-nyheter\/clinic-med-ulf-rockis-ivarsson\/","title":{"rendered":"Clinic med Ulf Rockis Ivarsson 19 Oktober 2022"},"content":{"rendered":"\n<div class=\"wp-block-columns is-layout-flex wp-container-core-columns-layout-1 wp-block-columns-is-layout-flex\">\n<div class=\"wp-block-column is-layout-flow wp-block-column-is-layout-flow\">\n<h1 class=\"wp-block-heading\">Clinic med musikern Ulf &#8221;Rockis&#8221; Ivarsson<\/h1>\n\n\n\n<p><strong>Den 19 Oktober 2022<\/strong><\/p>\n\n\n\n<p>Basist, producent och komposit\u00f6r f\u00f6dd 1965 i G\u00e4vle, numera bosatt i Stockholm.<\/p>\n\n\n\n<p>Ulf har spelat med bla Dileva, Hedningarna, Sky High, Th\u00e5str\u00f6m, Nicolai Dunger Olle Ljungstr\u00f6m, Enter the Hunt, Ossler och Roffe Wikstr\u00f6m f\u00f6r att n\u00e4mna n\u00e5gra av alla samarbeten.<br>Ulf \u00e4r \u00e4ven en Grammis nominerad producent och har bla producerat Th\u00e5str\u00f6m, Sivert Hoyem, ( Madrugada) Solen och Andrea Schroeder.<br>Ulf har sl\u00e4ppt album i eget namn och med olika projekt och har samarbetat med bla Youth (killing joke, the orb), Goran Kajfes,Hux Nettermalm, Mick Harris ( Napalm Death, Scorn) Justin Broadrick ( Godflesh) Mark Stewart ( The Pop Group) och Ted Parsons (Swans)<br>I Maj 2022 sl\u00e4ppte Ulf Ivarsson ett album tillsammans med den amerikanska basisten och producenten Bill Laswell med titeln Nammu, en resa i ambient, freejazz, worldmusic och dub.<\/p>\n\n\n\n<p>Stort v\u00e4lkommen till Rytmus<\/p>\n<\/div>\n\n\n\n<div class=\"wp-block-column is-layout-flow wp-block-column-is-layout-flow\">\n\t<style>\n\t\t.inner {\n\n\t\t\tmargin: 0 auto;\n\n\n\t\t}\n\t<\/style>\n\t<div\n\t\t class=\"container images-module\" >\n\t\t<div class=\"row images_module__slideshow\">\n\n\t\t\t<div\n\t\t\t\t\tclass=\"col-md-12 p-0 position-relative images_module__slideshow images_module__slideshow-container  \">\n\t\t\t\t<div class=\"images_module__slide\" data-slide=\"\"\n\t\t\t\t\t data-duration=\"\"><\/div>\n\t\t\t\t\t\t\t\t\t<div\n\t\t\t\t\t\t class=\"images_module__slides\n\n\t\t\t\t\t   \"\n\t\t\t\t\t>\n\n\t\t\t\t\t\t<div class=\"images__wrapper\" style=\"aspect-ratio: 851 \/ 851;\">\n\t\t\t\t\t\t\t<img decoding=\"async\" width=\"1024\" height=\"876\" src=\"https:\/\/rytmus.se\/wp-content\/uploads\/sites\/3\/2022\/12\/ulf-ivarsson.jpeg\" class=\"images__image_ratio  \" alt=\"Ulf Ivarsson tittar in i kameran i en fotostudio.\" style=\"aspect-ratio: 851 \/ 851;object-position: center center;\" srcset=\"https:\/\/rytmus.se\/wp-content\/uploads\/sites\/3\/2022\/12\/ulf-ivarsson.jpeg 1024w, https:\/\/rytmus.se\/wp-content\/uploads\/sites\/3\/2022\/12\/ulf-ivarsson-300x257.jpeg 300w, https:\/\/rytmus.se\/wp-content\/uploads\/sites\/3\/2022\/12\/ulf-ivarsson-400x342.jpeg 400w, https:\/\/rytmus.se\/wp-content\/uploads\/sites\/3\/2022\/12\/ulf-ivarsson-600x513.jpeg 600w, https:\/\/rytmus.se\/wp-content\/uploads\/sites\/3\/2022\/12\/ulf-ivarsson-800x684.jpeg 800w\" sizes=\"(max-width: 1024px) 100vw, 1024px\" \/>\t\t\t\t\t\t<\/div>\n\t\t\t\t\t\t\n\n\t\t\t\t\t\t\t\t\t\t\t<\/div>\n\t\t\t\t\n\t\t\t\t<div class=\"images_module__container_dot\">\n\t\t\t\t\t<div style=\"text-align:center\">\n\n\n\t\t\t\t\t\t\t\t\t\t\t\t\t<span   data-i=\"0\"\n\t\t\t\t\t\t\t\t  class=\"\n\t\t\t\t\t\t\timages_module__dot\n\t\t\t\t\t\t\t\t\t\t\t\t\t\t\"\n\t\t\t\t\t\t\t><\/span>\n\t\t\t\t\t\t\t\t\t\t\t<\/div>\n\t\t\t\t<\/div>\n\n\n\t\t\t<\/div>\n\t\t<\/div>\n\t<\/div>\n\n\t\n\n\n<script>\n\tvar images_display_descriptive_text = \"\";\n<\/script>\n<\/div>\n<\/div>\n\n\n\n\n<section  class=\"ams-cta ams-cta--stacked c-block l-stacked\" data-color-scheme=\"gra-ljus\">\n\t<div class=\"l-container l-stack l-stack-fluid-2xl u-pt-fluid-2xl-4xl u-pb-fluid-2xl-4xl is-center is-center@md\">\n\t\t\t\t\t<div class=\"ams-cta__intro l-stack l-stack-lg\">\n\t\t\t\t\t\n\t<h2\n\tclass=\"c-heading u-font-title-1 \"\n\tstyle=\"\">\n\t\t\n\t\t\t\t\tVill du l\u00e4sa mer om Clinics?\n\t\t\t\t\n\t<\/h2>\n\n\t\t\t\t\t\t\t<\/div>\n\t\t\n\t\t\n\t\t\t<div class=\"ams-cta__action u-inline-items\">\n\t\t\t\t\t\t\t\n\n\n<a href=\"https:\/\/rytmus.se\/stockholm\/om-rytmus-stockholm\/clinics\/\"\n\t\n\tclass=\"c-btn \"\n\tdata-style=\"square\"\n\tdata-size=\"md\"\n\tdata-width=\"full-mobile\"\n\tdata-variant=\"default\"\n\ttarget=\"_self\">\n\t\t\t<span class=\"label\"> Om Clinics<\/span>\n\t\t\t<\/a>\n\t\t\t<\/div>\n\t<\/div>\n\n\t\t\n\n<\/section>\n","protected":false},"template":"","article_category":[5],"yoast_head":"<!-- This site is optimized with the Yoast SEO plugin v22.0 - https:\/\/yoast.com\/wordpress\/plugins\/seo\/ -->\n<title>Stockholm<\/title>\n<meta name=\"description\" content=\"Ulf Rockis Ivarsson. Basist, producent och komposit\u00f6r f\u00f6dd 1965 i G\u00e4vle, numera bosatt i Stockholm. Nu g\u00e4star han Rytmus Sthlm f\u00f6r en Clinic\" \/>\n<meta name=\"robots\" content=\"index, follow, max-snippet:-1, max-image-preview:large, max-video-preview:-1\" \/>\n<link rel=\"canonical\" href=\"https:\/\/rytmus.se\/stockholm\/clinics-och-nyheter\/clinic-med-ulf-rockis-ivarsson\/\" \/>\n<meta property=\"og:locale\" content=\"sv_SE\" \/>\n<meta property=\"og:type\" content=\"article\" \/>\n<meta property=\"og:description\" content=\"Ulf Rockis Ivarsson. Basist, producent och komposit\u00f6r f\u00f6dd 1965 i G\u00e4vle, numera bosatt i Stockholm. Nu g\u00e4star han Rytmus Sthlm f\u00f6r en Clinic\" \/>\n<meta property=\"og:url\" content=\"https:\/\/rytmus.se\/stockholm\/clinics-och-nyheter\/clinic-med-ulf-rockis-ivarsson\/\" \/>\n<meta property=\"og:site_name\" content=\"Stockholm\" \/>\n<meta property=\"article:modified_time\" content=\"2024-01-23T12:53:24+00:00\" \/>\n<meta name=\"twitter:card\" content=\"summary_large_image\" \/>\n<meta name=\"twitter:description\" content=\"Ulf Rockis Ivarsson. Basist, producent och komposit\u00f6r f\u00f6dd 1965 i G\u00e4vle, numera bosatt i Stockholm. Nu g\u00e4star han Rytmus Sthlm f\u00f6r en Clinic\" \/>\n<meta name=\"twitter:image\" content=\"https:\/\/rytmus.se\/wp-content\/uploads\/sites\/3\/2022\/12\/ulf-ivarsson-1024x630.jpeg\" \/>\n<meta name=\"twitter:label1\" content=\"Ber\u00e4knad l\u00e4stid\" \/>\n\t<meta name=\"twitter:data1\" content=\"1 minut\" \/>\n<script type=\"application\/ld+json\" class=\"yoast-schema-graph\">{\"@context\":\"https:\/\/schema.org\",\"@graph\":[{\"@type\":\"WebPage\",\"@id\":\"https:\/\/rytmus.se\/stockholm\/clinics-och-nyheter\/clinic-med-ulf-rockis-ivarsson\/\",\"url\":\"https:\/\/rytmus.se\/stockholm\/clinics-och-nyheter\/clinic-med-ulf-rockis-ivarsson\/\",\"name\":\"Clinic med Ulf Rockis Ivarsson 19 Oktober 2022 - Stockholm\",\"isPartOf\":{\"@id\":\"https:\/\/rytmus.se\/stockholm\/#website\"},\"datePublished\":\"2022-12-08T10:43:11+00:00\",\"dateModified\":\"2024-01-23T12:53:24+00:00\",\"description\":\"Ulf Rockis Ivarsson. Basist, producent och komposit\u00f6r f\u00f6dd 1965 i G\u00e4vle, numera bosatt i Stockholm. Nu g\u00e4star han Rytmus Sthlm f\u00f6r en Clinic\",\"breadcrumb\":{\"@id\":\"https:\/\/rytmus.se\/stockholm\/clinics-och-nyheter\/clinic-med-ulf-rockis-ivarsson\/#breadcrumb\"},\"inLanguage\":\"sv-SE\",\"potentialAction\":[{\"@type\":\"ReadAction\",\"target\":[\"https:\/\/rytmus.se\/stockholm\/clinics-och-nyheter\/clinic-med-ulf-rockis-ivarsson\/\"]}]},{\"@type\":\"BreadcrumbList\",\"@id\":\"https:\/\/rytmus.se\/stockholm\/clinics-och-nyheter\/clinic-med-ulf-rockis-ivarsson\/#breadcrumb\",\"itemListElement\":[{\"@type\":\"ListItem\",\"position\":1,\"name\":\"Start\",\"item\":\"https:\/\/rytmus.se\/stockholm\"},{\"@type\":\"ListItem\",\"position\":2,\"name\":\"Clinics och nyheter\"}]},{\"@type\":\"WebSite\",\"@id\":\"https:\/\/rytmus.se\/stockholm\/#website\",\"url\":\"https:\/\/rytmus.se\/stockholm\/\",\"name\":\"Stockholm\",\"description\":\"MAKE | MUSIC | LIVE\",\"potentialAction\":[{\"@type\":\"SearchAction\",\"target\":{\"@type\":\"EntryPoint\",\"urlTemplate\":\"https:\/\/rytmus.se\/stockholm\/?s={search_term_string}\"},\"query-input\":\"required name=search_term_string\"}],\"inLanguage\":\"sv-SE\"}]}<\/script>\n<!-- \/ Yoast SEO plugin. -->","yoast_head_json":{"title":"Stockholm","description":"Ulf Rockis Ivarsson. Basist, producent och komposit\u00f6r f\u00f6dd 1965 i G\u00e4vle, numera bosatt i Stockholm. Nu g\u00e4star han Rytmus Sthlm f\u00f6r en Clinic","robots":{"index":"index","follow":"follow","max-snippet":"max-snippet:-1","max-image-preview":"max-image-preview:large","max-video-preview":"max-video-preview:-1"},"canonical":"https:\/\/rytmus.se\/stockholm\/clinics-och-nyheter\/clinic-med-ulf-rockis-ivarsson\/","og_locale":"sv_SE","og_type":"article","og_description":"Ulf Rockis Ivarsson. Basist, producent och komposit\u00f6r f\u00f6dd 1965 i G\u00e4vle, numera bosatt i Stockholm. Nu g\u00e4star han Rytmus Sthlm f\u00f6r en Clinic","og_url":"https:\/\/rytmus.se\/stockholm\/clinics-och-nyheter\/clinic-med-ulf-rockis-ivarsson\/","og_site_name":"Stockholm","article_modified_time":"2024-01-23T12:53:24+00:00","twitter_card":"summary_large_image","twitter_description":"Ulf Rockis Ivarsson. Basist, producent och komposit\u00f6r f\u00f6dd 1965 i G\u00e4vle, numera bosatt i Stockholm. Nu g\u00e4star han Rytmus Sthlm f\u00f6r en Clinic","twitter_image":"https:\/\/rytmus.se\/wp-content\/uploads\/sites\/3\/2022\/12\/ulf-ivarsson-1024x630.jpeg","twitter_misc":{"Ber\u00e4knad l\u00e4stid":"1 minut"},"schema":{"@context":"https:\/\/schema.org","@graph":[{"@type":"WebPage","@id":"https:\/\/rytmus.se\/stockholm\/clinics-och-nyheter\/clinic-med-ulf-rockis-ivarsson\/","url":"https:\/\/rytmus.se\/stockholm\/clinics-och-nyheter\/clinic-med-ulf-rockis-ivarsson\/","name":"Clinic med Ulf Rockis Ivarsson 19 Oktober 2022 - Stockholm","isPartOf":{"@id":"https:\/\/rytmus.se\/stockholm\/#website"},"datePublished":"2022-12-08T10:43:11+00:00","dateModified":"2024-01-23T12:53:24+00:00","description":"Ulf Rockis Ivarsson. Basist, producent och komposit\u00f6r f\u00f6dd 1965 i G\u00e4vle, numera bosatt i Stockholm. Nu g\u00e4star han Rytmus Sthlm f\u00f6r en Clinic","breadcrumb":{"@id":"https:\/\/rytmus.se\/stockholm\/clinics-och-nyheter\/clinic-med-ulf-rockis-ivarsson\/#breadcrumb"},"inLanguage":"sv-SE","potentialAction":[{"@type":"ReadAction","target":["https:\/\/rytmus.se\/stockholm\/clinics-och-nyheter\/clinic-med-ulf-rockis-ivarsson\/"]}]},{"@type":"BreadcrumbList","@id":"https:\/\/rytmus.se\/stockholm\/clinics-och-nyheter\/clinic-med-ulf-rockis-ivarsson\/#breadcrumb","itemListElement":[{"@type":"ListItem","position":1,"name":"Start","item":"https:\/\/rytmus.se\/stockholm"},{"@type":"ListItem","position":2,"name":"Clinics och nyheter"}]},{"@type":"WebSite","@id":"https:\/\/rytmus.se\/stockholm\/#website","url":"https:\/\/rytmus.se\/stockholm\/","name":"Stockholm","description":"MAKE | MUSIC | LIVE","potentialAction":[{"@type":"SearchAction","target":{"@type":"EntryPoint","urlTemplate":"https:\/\/rytmus.se\/stockholm\/?s={search_term_string}"},"query-input":"required name=search_term_string"}],"inLanguage":"sv-SE"}]}},"_links":{"self":[{"href":"https:\/\/rytmus.se\/stockholm\/wp-json\/wp\/v2\/article\/1255"}],"collection":[{"href":"https:\/\/rytmus.se\/stockholm\/wp-json\/wp\/v2\/article"}],"about":[{"href":"https:\/\/rytmus.se\/stockholm\/wp-json\/wp\/v2\/types\/article"}],"wp:attachment":[{"href":"https:\/\/rytmus.se\/stockholm\/wp-json\/wp\/v2\/media?parent=1255"}],"wp:term":[{"taxonomy":"article_category","embeddable":true,"href":"https:\/\/rytmus.se\/stockholm\/wp-json\/wp\/v2\/article_category?post=1255"}],"curies":[{"name":"wp","href":"https:\/\/api.w.org\/{rel}","templated":true}]}}