{"id":1241,"date":"2023-01-12T10:28:13","date_gmt":"2023-01-12T09:28:13","guid":{"rendered":"https:\/\/rytmus.se\/orebro\/?post_type=article&#038;p=1241"},"modified":"2024-01-23T14:05:48","modified_gmt":"2024-01-23T13:05:48","slug":"alumni-agnes","status":"publish","type":"article","link":"https:\/\/rytmus.se\/orebro\/artikel\/alumni-agnes\/","title":{"rendered":"Alumni Agnes"},"content":{"rendered":"\n<div class=\"wp-block-group is-style-narrow is-layout-flow wp-block-group-is-layout-flow\">\n<style type=\"text\/css\">\n\t.post-meta {margin-bottom:15px;}@media (max-width: 767.98px) {.post-meta {margin-bottom:15px;}}<\/style>\n\n<div    class=\"post-meta site__subheading-9\">\n\t\t\t<span   class=\"post-meta__item post-meta__item--pubdate\"><time datetime=\"2023-01-12T10:28:13+01:00\" itemprop=\"datePublished\"> 12 januari 2023<\/time><\/span>\n\t\n\t\n\t\n\t\t\t<span   class=\"post-meta__item post-meta__item--category\">\n\t\t\t Rytmus alumni\t\t<\/span>\n\t\n\t<\/div>\n\n\n\n<h1 class=\"wp-block-heading\">Fr\u00e5n Rytmus till sk\u00e5despelerska i NY<\/h1>\n\n\n\n\t<style>\n\t\t.inner {\n\n\t\t\tmargin: 0 auto;\n\n\n\t\t}\n\t<\/style>\n\t<div\n\t\t class=\"container images-module\" >\n\t\t<div class=\"row images_module__slideshow\">\n\n\t\t\t<div\n\t\t\t\t\tclass=\"col-md-12 p-0 position-relative images_module__slideshow images_module__slideshow-container  \">\n\t\t\t\t<div class=\"images_module__slide\" data-slide=\"\"\n\t\t\t\t\t data-duration=\"\"><\/div>\n\t\t\t\t\t\t\t\t\t<div\n\t\t\t\t\t\t class=\"images_module__slides\n\n\t\t\t\t\t   \"\n\t\t\t\t\t>\n\n\t\t\t\t\t\t<div class=\"images__wrapper\" style=\"aspect-ratio: 851 \/ 851;\">\n\t\t\t\t\t\t\t<img decoding=\"async\" width=\"216\" height=\"245\" src=\"https:\/\/rytmus.se\/wp-content\/uploads\/sites\/6\/2023\/01\/1201949440999341o9v5hpgdfz05gmdtpqzxheight640.png\" class=\"images__image_ratio  \" alt=\"F\u00f6re detta rytmuseleven Agnes tittar fundersamt \u00e5t sidan.\" style=\"aspect-ratio: 851 \/ 851;object-position: center center;\" \/>\t\t\t\t\t\t<\/div>\n\t\t\t\t\t\t\n\n\t\t\t\t\t\t\t\t\t\t\t<\/div>\n\t\t\t\t\n\t\t\t\t<div class=\"images_module__container_dot\">\n\t\t\t\t\t<div style=\"text-align:center\">\n\n\n\t\t\t\t\t\t\t\t\t\t\t\t\t<span   data-i=\"0\"\n\t\t\t\t\t\t\t\t  class=\"\n\t\t\t\t\t\t\timages_module__dot\n\t\t\t\t\t\t\t\t\t\t\t\t\t\t\"\n\t\t\t\t\t\t\t><\/span>\n\t\t\t\t\t\t\t\t\t\t\t<\/div>\n\t\t\t\t<\/div>\n\n\n\t\t\t<\/div>\n\t\t<\/div>\n\t<\/div>\n\n\t\n\n\n<script>\n\tvar images_display_descriptive_text = \"\";\n<\/script>\n\n\n\n<p   class=\"site__ingress container text-left  site__text-color--dark  site__free_text--ingress p-0\">\n\tAgnes tog studenten fr\u00e5n Rytmus \u00d6rebro 2015 d\u00e4r hon l\u00e4ste grenen Instrument\/S\u00e5ng. Idag bor hon i New York och musiken \u00e4r fortfarande en stor del av hennes liv.<\/p>\n\n\n\n\n\n<p><strong>N\u00e4r du t\u00e4nker tillbaka p\u00e5 din tid p\u00e5 Rytmus, vad \u00e4r de topp 3 b\u00e4sta sakerna du t\u00e4nker p\u00e5?<\/strong><\/p>\n\n\n\n<p>\u2013 Underbara l\u00e4rare. S\u00e5\u00e5\u00e5\u00e5 kul med musiken. Personlig utbildning!! \u00c4lskar att skolan inte \u00e4r s\u00e5 stor och s\u00e5 bra fokus!!<\/p>\n\n\n\n<p><strong>Visste du under gymnasietiden vad du ville g\u00f6ra efter Rytmus?<\/strong><\/p>\n\n\n\n<p>\u2013 Jag hade ingen aning om vad jag ville jobba med n\u00e4r jag gick p\u00e5 gymnasiet, jag har alltid k\u00e4nt att jag str\u00e4var efter ett estetiskt yrke.<\/p>\n\n\n\n<p><strong>Vad skulle du s\u00e4ga till en elev som funderar p\u00e5 att v\u00e4lja Rytmus i gymnasievalet?<\/strong><\/p>\n\n\n\n<p>\u2013 K\u00f6r!! Jag rekommenderar Rytmus alla dagar i veckan, speciellt om du inte riktigt vet vad du vill men brinner f\u00f6r musik. Du kommer inte \u00e5ngra dig och har alltid nytta av det. Skolan blir helt enkelt roligare. Jag hade inte haft lika bra betyg i gymnasiet utan att vara omgiven av musik och att f\u00e5 tillfredsst\u00e4lla min kreativa sida.<\/p>\n\n\n\n<p><strong>Vad har du gjort efter gymnasiet och vad g\u00f6r du idag?<\/strong><\/p>\n\n\n\n<p>\u2013 Efter gymnasiet ville jag resa s\u00e5 jag jobbade ett \u00e5r f\u00f6r att spara pengar sen n\u00e4r jag var i Australien uppt\u00e4ckte jag sk\u00e5despeleri s\u00e5 gick 2 \u00e5r p\u00e5 folkis sk\u00e5despelarutbildning. Efter det jobbade jag ett \u00e5r som eventledare och sk\u00e5despelare i G\u00f6teborg innan jag flyttade till New York f\u00f6r att plugga filmsk\u00e5despeleri. Och nu \u00e4r jag kvar i New York och jobbar som sk\u00e5despelerska och \u201dchildren\u2019s entertainer\u201d.<\/p>\n\n\n\n<p><strong>Hur finns musiken fortfarande kvar i ditt liv?<\/strong><\/p>\n\n\n\n<p>\u2013 Jag har precis sl\u00e4ppt min f\u00f6rsta singel! Mitt st\u00f6rsta fokus \u00e4r sk\u00e5despeleri men planerar att forts\u00e4tta jobba tillsammans med min n\u00e4rmaste v\u00e4n (som ocks\u00e5 gick Rytmus) som snart \u00e4r f\u00e4rdigutbildad musikproducent. Vi vill \u00f6ppna ett kreativt centrum f\u00f6r kvinnor och lyfta v\u00e5r plats i musikindustrin och filmbranschen.<\/p>\n<\/div>\n\n\n\n\n\n<section  class=\"ams-article c-block l-stacked js-load-more\" data-color-scheme=\"vit-card-primar2-light-hover-standard_standard\" data-count=\"3\" data-count-mobile=\"2\">\n\t<div class=\"l-container l-stack l-stack-fluid-2xl u-pt-fluid-3xl-6xl u-pb-fluid-3xl-6xl is-center is-center@md\">\n\t\t\t\t\t<div class=\"ams-article__intro l-stack l-stack-lg\">\n\t\t\t\t\t\n\t<h2\n\tclass=\"c-heading u-font-title-1 \"\n\tstyle=\"\">\n\t\t\n\t\t\t\t\tL\u00e4s fler clinics och nyheter\n\t\t\t\t\n\t<\/h2>\n\n\t\t\t\t\t\t\t<\/div>\n\t\t\n\t\t\t\n\t    \n\t\n\t<ul id=\"ams-article-list-69f33a2501420\" class=\"ams-article__list l-grid u-gap-2xl u-justify-center js-results \" aria-label=\"Artiklar\" data-filter-animation=\"off\">\n\t\t\t\t\t\t\t\t\t\t\t\t\t\t\t\t\t\n\t\t\t\n\t\t\t\n\t\t\t<li class=\"l-col-6@md l-col-4@lg \" data-filter=\"nyheter april-2026\">\n\t\t\t\t<article class=\"c-card  has-media-zoom  \" data-variant=\"border\" data-style=\"square\" data-click-area>\n\t\t\t\t\t<div class=\"c-card__content l-stack l-stack-sm\">\n\n\t\t\t\t\t\t\t\t\t\t\t\t\t<time class=\"c-card__date u-font-small\" datetime=\"2026-04-10\">10 april 2026<\/time>\n\t\t\t\t\t\t\n\t\t\t\t\t\t\t\t\t\t\t\t\t<h3 class=\"c-card__title u-font-title-3\">\n\t\t\t\t\t\t\t\t\t\t\t\t\t\t\t\t\t<a class=\"c-card__link\" href=\"https:\/\/rytmus.se\/orebro\/artikel\/valborgskonsert\/\">\n\t\t\t\t\t\t\t\t\t\tV\u00e4lkommen p\u00e5 Valborgskonsert!\n\t\t\t\t\t\t\t\t\t<\/a>\n\t\t\t\t\t\t\t\t\t\t\t\t\t\t\t<\/h3>\n\t\t\t\t\t\t\n\t\t\t\t\t\t\t\t\t\t\t\t\t<p class=\"c-card__text l-stack-xs u-font-body\">\n\t\t\t\t\t\t\t\tFira in v\u00e5ren med oss, vi bjuder p\u00e5 h\u00e4rliga v\u00e5rs\u00e5nger och inspirerande v\u00e5rtal. \n\t\t\t\t\t\t\t<\/p>\n\t\t\t\t\t\t\n\t\t\t\t\t\t\t\t\t\t\t\t\t<ul class=\"c-card__tags l-stack-grow u-list-none u-pt-md\" aria-label=\"Kategorier\">\n\t\t\t\t\t\t\t\t\t\t\t\t\t\t\t\t\t<li><span class=\"c-tag\" data-variant=\"outline\">Nyheter<\/span><\/li>\n\t\t\t\t\t\t\t\t\t\t\t\t\t\t\t<\/ul>\n\t\t\t\t\t\t\n\t\t\t\t\t\t<div class=\"c-card__icon\">\n\t\t\t\t\t\t\t\t\t\t\t\t\t\t<svg class=\"ams-icon ams-icon--arrow-right\" width=\"32\" height=\"32\" viewbox=\"0 0 32 32\" fill=\"currentColor\" aria-hidden=\"true\" xmlns=\"http:\/\/www.w3.org\/2000\/svg\">\n\t\t\t\t\t\t\t\t\t\t\t\t\t\t\t\t<path d=\"M15.4617 0.252159L14.9567 0.75931C14.6219 1.09545 14.6219 1.64048 14.9567 1.97669L27.7062 14.7806H0.857144C0.383786 14.7806 0 15.166 0 15.6414V16.3587C0 16.8341 0.383786 17.2195 0.857144 17.2195H27.7062L14.9567 30.0234C14.6219 30.3595 14.6219 30.9045 14.9567 31.2407L15.4617 31.7479C15.7964 32.084 16.3392 32.084 16.6739 31.7479L31.749 16.6087C32.0837 16.2725 32.0837 15.7275 31.749 15.3913L16.6739 0.252159C16.3392 -0.084053 15.7964 -0.084053 15.4617 0.252159Z\"\/>\n\t\t\t\t\t\t\t\n\t\t\t\t\t\t\t<\/svg>\n\t\t\t\t\t\t<\/div>\n\t\t\t\t\t<\/div>\n\n\t\t\t\t\t<div class=\"c-card__media \" style=\" \">\n\t\t\t\t\t\t<img decoding=\"async\" width=\"400\" height=\"265\" src=\"https:\/\/rytmus.se\/wp-content\/uploads\/sites\/6\/2026\/03\/rytmussang052022-400x265.jpg\" class=\"attachment-sm size-sm\" alt=\"elev som sjunger p\u00e5 scen.\" sizes=\"(min-width: 64em) 300px, (min-width: 48em) calc(.50 * (100vw - 224px)), calc(100vw - 160px)\" srcset=\"https:\/\/rytmus.se\/wp-content\/uploads\/sites\/6\/2026\/03\/rytmussang052022-400x265.jpg 400w, https:\/\/rytmus.se\/wp-content\/uploads\/sites\/6\/2026\/03\/rytmussang052022-300x199.jpg 300w, https:\/\/rytmus.se\/wp-content\/uploads\/sites\/6\/2026\/03\/rytmussang052022-600x397.jpg 600w, https:\/\/rytmus.se\/wp-content\/uploads\/sites\/6\/2026\/03\/rytmussang052022-800x530.jpg 800w, https:\/\/rytmus.se\/wp-content\/uploads\/sites\/6\/2026\/03\/rytmussang052022-1024x678.jpg 1024w, https:\/\/rytmus.se\/wp-content\/uploads\/sites\/6\/2026\/03\/rytmussang052022.jpg 1045w\" \/>\n\t\t\t\t\t<\/div>\n\t\t\t\t<\/article>\n\t\t\t<\/li>\n\t\t\t\t\t\t\t\t\t\t\t\t\t\t\t\t\t\n\t\t\t\n\t\t\t\n\t\t\t<li class=\"l-col-6@md l-col-4@lg \" data-filter=\"nyheter december-2025\">\n\t\t\t\t<article class=\"c-card  has-media-zoom  \" data-variant=\"border\" data-style=\"square\" data-click-area>\n\t\t\t\t\t<div class=\"c-card__content l-stack l-stack-sm\">\n\n\t\t\t\t\t\t\t\t\t\t\t\t\t<time class=\"c-card__date u-font-small\" datetime=\"2025-12-09\">9 december 2025<\/time>\n\t\t\t\t\t\t\n\t\t\t\t\t\t\t\t\t\t\t\t\t<h3 class=\"c-card__title u-font-title-3\">\n\t\t\t\t\t\t\t\t\t\t\t\t\t\t\t\t\t<a class=\"c-card__link\" href=\"https:\/\/rytmus.se\/orebro\/artikel\/lokal\/rytmuselev-vinner-idol-2025\">\n\t\t\t\t\t\t\t\t\t\tTuva vinner Idol 2025\n\t\t\t\t\t\t\t\t\t<\/a>\n\t\t\t\t\t\t\t\t\t\t\t\t\t\t\t<\/h3>\n\t\t\t\t\t\t\n\t\t\t\t\t\t\t\t\t\t\t\t\t<p class=\"c-card__text l-stack-xs u-font-body\">\n\t\t\t\t\t\t\t\tI helgen avgjordes Idol 2025 och Rytmuse&#8230;\n\t\t\t\t\t\t\t<\/p>\n\t\t\t\t\t\t\n\t\t\t\t\t\t\t\t\t\t\t\t\t<ul class=\"c-card__tags l-stack-grow u-list-none u-pt-md\" aria-label=\"Kategorier\">\n\t\t\t\t\t\t\t\t\t\t\t\t\t\t\t\t\t<li><span class=\"c-tag\" data-variant=\"outline\">Nyheter<\/span><\/li>\n\t\t\t\t\t\t\t\t\t\t\t\t\t\t\t<\/ul>\n\t\t\t\t\t\t\n\t\t\t\t\t\t<div class=\"c-card__icon\">\n\t\t\t\t\t\t\t\t\t\t\t\t\t\t<svg class=\"ams-icon ams-icon--arrow-right\" width=\"32\" height=\"32\" viewbox=\"0 0 32 32\" fill=\"currentColor\" aria-hidden=\"true\" xmlns=\"http:\/\/www.w3.org\/2000\/svg\">\n\t\t\t\t\t\t\t\t\t\t\t\t\t\t\t\t<path d=\"M15.4617 0.252159L14.9567 0.75931C14.6219 1.09545 14.6219 1.64048 14.9567 1.97669L27.7062 14.7806H0.857144C0.383786 14.7806 0 15.166 0 15.6414V16.3587C0 16.8341 0.383786 17.2195 0.857144 17.2195H27.7062L14.9567 30.0234C14.6219 30.3595 14.6219 30.9045 14.9567 31.2407L15.4617 31.7479C15.7964 32.084 16.3392 32.084 16.6739 31.7479L31.749 16.6087C32.0837 16.2725 32.0837 15.7275 31.749 15.3913L16.6739 0.252159C16.3392 -0.084053 15.7964 -0.084053 15.4617 0.252159Z\"\/>\n\t\t\t\t\t\t\t\n\t\t\t\t\t\t\t<\/svg>\n\t\t\t\t\t\t<\/div>\n\t\t\t\t\t<\/div>\n\n\t\t\t\t\t<div class=\"c-card__media \" style=\" \">\n\t\t\t\t\t\t<img decoding=\"async\" width=\"400\" height=\"284\" src=\"https:\/\/rytmus.se\/wp-content\/uploads\/2025\/12\/ikdol-bild-kort-1024x726-1-400x284.png\" class=\"attachment-sm size-sm\" alt=\"Tuva, Love och Nicolina h\u00e5ller om varandra framf\u00f6r Idol-loggan\" sizes=\"(min-width: 64em) 300px, (min-width: 48em) calc(.50 * (100vw - 224px)), calc(100vw - 160px)\" srcset=\"https:\/\/rytmus.se\/wp-content\/uploads\/2025\/12\/ikdol-bild-kort-1024x726-1-400x284.png 400w, https:\/\/rytmus.se\/wp-content\/uploads\/2025\/12\/ikdol-bild-kort-1024x726-1-300x213.png 300w, https:\/\/rytmus.se\/wp-content\/uploads\/2025\/12\/ikdol-bild-kort-1024x726-1-600x425.png 600w, https:\/\/rytmus.se\/wp-content\/uploads\/2025\/12\/ikdol-bild-kort-1024x726-1-800x567.png 800w, https:\/\/rytmus.se\/wp-content\/uploads\/2025\/12\/ikdol-bild-kort-1024x726-1.png 1024w\" \/>\n\t\t\t\t\t<\/div>\n\t\t\t\t<\/article>\n\t\t\t<\/li>\n\t\t\t\t\t\t\t\t\t\t\t\t\t\t\t\t\t\n\t\t\t\n\t\t\t\n\t\t\t<li class=\"l-col-6@md l-col-4@lg \" data-filter=\"nyheter september-2025\">\n\t\t\t\t<article class=\"c-card  has-media-zoom  \" data-variant=\"border\" data-style=\"square\" data-click-area>\n\t\t\t\t\t<div class=\"c-card__content l-stack l-stack-sm\">\n\n\t\t\t\t\t\t\t\t\t\t\t\t\t<time class=\"c-card__date u-font-small\" datetime=\"2025-09-01\">1 september 2025<\/time>\n\t\t\t\t\t\t\n\t\t\t\t\t\t\t\t\t\t\t\t\t<h3 class=\"c-card__title u-font-title-3\">\n\t\t\t\t\t\t\t\t\t\t\t\t\t\t\t\t\t<a class=\"c-card__link\" href=\"https:\/\/rytmus.se\/orebro\/artikel\/lokal\/studentmossa-till-basta-pris\">\n\t\t\t\t\t\t\t\t\t\tStudentm\u00f6ssa till b\u00e4sta pris\n\t\t\t\t\t\t\t\t\t<\/a>\n\t\t\t\t\t\t\t\t\t\t\t\t\t\t\t<\/h3>\n\t\t\t\t\t\t\n\t\t\t\t\t\t\t\t\t\t\t\t\t<p class=\"c-card__text l-stack-xs u-font-body\">\n\t\t\t\t\t\t\t\tNu kan du som g\u00e5r p\u00e5 en gymnasieskola so&#8230;\n\t\t\t\t\t\t\t<\/p>\n\t\t\t\t\t\t\n\t\t\t\t\t\t\t\t\t\t\t\t\t<ul class=\"c-card__tags l-stack-grow u-list-none u-pt-md\" aria-label=\"Kategorier\">\n\t\t\t\t\t\t\t\t\t\t\t\t\t\t\t\t\t<li><span class=\"c-tag\" data-variant=\"outline\">Nyheter<\/span><\/li>\n\t\t\t\t\t\t\t\t\t\t\t\t\t\t\t<\/ul>\n\t\t\t\t\t\t\n\t\t\t\t\t\t<div class=\"c-card__icon\">\n\t\t\t\t\t\t\t\t\t\t\t\t\t\t<svg class=\"ams-icon ams-icon--arrow-right\" width=\"32\" height=\"32\" viewbox=\"0 0 32 32\" fill=\"currentColor\" aria-hidden=\"true\" xmlns=\"http:\/\/www.w3.org\/2000\/svg\">\n\t\t\t\t\t\t\t\t\t\t\t\t\t\t\t\t<path d=\"M15.4617 0.252159L14.9567 0.75931C14.6219 1.09545 14.6219 1.64048 14.9567 1.97669L27.7062 14.7806H0.857144C0.383786 14.7806 0 15.166 0 15.6414V16.3587C0 16.8341 0.383786 17.2195 0.857144 17.2195H27.7062L14.9567 30.0234C14.6219 30.3595 14.6219 30.9045 14.9567 31.2407L15.4617 31.7479C15.7964 32.084 16.3392 32.084 16.6739 31.7479L31.749 16.6087C32.0837 16.2725 32.0837 15.7275 31.749 15.3913L16.6739 0.252159C16.3392 -0.084053 15.7964 -0.084053 15.4617 0.252159Z\"\/>\n\t\t\t\t\t\t\t\n\t\t\t\t\t\t\t<\/svg>\n\t\t\t\t\t\t<\/div>\n\t\t\t\t\t<\/div>\n\n\t\t\t\t\t<div class=\"c-card__media \" style=\" \">\n\t\t\t\t\t\t<img decoding=\"async\" width=\"400\" height=\"226\" src=\"https:\/\/rytmus.se\/wp-content\/uploads\/2025\/09\/student2-2-400x226.jpg\" class=\"attachment-sm size-sm\" alt=\"Studentm\u00f6ssor som viftas i luften.\" sizes=\"(min-width: 64em) 300px, (min-width: 48em) calc(.50 * (100vw - 224px)), calc(100vw - 160px)\" srcset=\"https:\/\/rytmus.se\/wp-content\/uploads\/2025\/09\/student2-2-400x226.jpg 400w, https:\/\/rytmus.se\/wp-content\/uploads\/2025\/09\/student2-2-300x169.jpg 300w, https:\/\/rytmus.se\/wp-content\/uploads\/2025\/09\/student2-2-600x338.jpg 600w, https:\/\/rytmus.se\/wp-content\/uploads\/2025\/09\/student2-2-800x451.jpg 800w, https:\/\/rytmus.se\/wp-content\/uploads\/2025\/09\/student2-2-1024x578.jpg 1024w, https:\/\/rytmus.se\/wp-content\/uploads\/2025\/09\/student2-2-1200x677.jpg 1200w, https:\/\/rytmus.se\/wp-content\/uploads\/2025\/09\/student2-2-1920x1080.jpg 1920w\" \/>\n\t\t\t\t\t<\/div>\n\t\t\t\t<\/article>\n\t\t\t<\/li>\n\t\t\t\t\t\t\t\t\t\t\t\t\t\t\t\t\t\n\t\t\t\n\t\t\t\n\t\t\t<li class=\"l-col-6@md l-col-4@lg \" data-filter=\"nyheter mars-2025\">\n\t\t\t\t<article class=\"c-card  has-media-zoom  \" data-variant=\"border\" data-style=\"square\" data-click-area>\n\t\t\t\t\t<div class=\"c-card__content l-stack l-stack-sm\">\n\n\t\t\t\t\t\t\t\t\t\t\t\t\t<time class=\"c-card__date u-font-small\" datetime=\"2025-03-14\">14 mars 2025<\/time>\n\t\t\t\t\t\t\n\t\t\t\t\t\t\t\t\t\t\t\t\t<h3 class=\"c-card__title u-font-title-3\">\n\t\t\t\t\t\t\t\t\t\t\t\t\t\t\t\t\t<a class=\"c-card__link\" href=\"https:\/\/rytmus.se\/orebro\/artikel\/studentmossor\/\">\n\t\t\t\t\t\t\t\t\t\tRytmus musikgymnasium i \u00d6rebro&#8230;\n\t\t\t\t\t\t\t\t\t<\/a>\n\t\t\t\t\t\t\t\t\t\t\t\t\t\t\t<\/h3>\n\t\t\t\t\t\t\n\t\t\t\t\t\t\t\t\t\t\t\t\t<p class=\"c-card__text l-stack-xs u-font-body\">\n\t\t\t\t\t\t\t\tAtt ta studenten \u00e4r en stor h\u00e4ndelse i l&#8230;\n\t\t\t\t\t\t\t<\/p>\n\t\t\t\t\t\t\n\t\t\t\t\t\t\t\t\t\t\t\t\t<ul class=\"c-card__tags l-stack-grow u-list-none u-pt-md\" aria-label=\"Kategorier\">\n\t\t\t\t\t\t\t\t\t\t\t\t\t\t\t\t\t<li><span class=\"c-tag\" data-variant=\"outline\">Nyheter<\/span><\/li>\n\t\t\t\t\t\t\t\t\t\t\t\t\t\t\t<\/ul>\n\t\t\t\t\t\t\n\t\t\t\t\t\t<div class=\"c-card__icon\">\n\t\t\t\t\t\t\t\t\t\t\t\t\t\t<svg class=\"ams-icon ams-icon--arrow-right\" width=\"32\" height=\"32\" viewbox=\"0 0 32 32\" fill=\"currentColor\" aria-hidden=\"true\" xmlns=\"http:\/\/www.w3.org\/2000\/svg\">\n\t\t\t\t\t\t\t\t\t\t\t\t\t\t\t\t<path d=\"M15.4617 0.252159L14.9567 0.75931C14.6219 1.09545 14.6219 1.64048 14.9567 1.97669L27.7062 14.7806H0.857144C0.383786 14.7806 0 15.166 0 15.6414V16.3587C0 16.8341 0.383786 17.2195 0.857144 17.2195H27.7062L14.9567 30.0234C14.6219 30.3595 14.6219 30.9045 14.9567 31.2407L15.4617 31.7479C15.7964 32.084 16.3392 32.084 16.6739 31.7479L31.749 16.6087C32.0837 16.2725 32.0837 15.7275 31.749 15.3913L16.6739 0.252159C16.3392 -0.084053 15.7964 -0.084053 15.4617 0.252159Z\"\/>\n\t\t\t\t\t\t\t\n\t\t\t\t\t\t\t<\/svg>\n\t\t\t\t\t\t<\/div>\n\t\t\t\t\t<\/div>\n\n\t\t\t\t\t<div class=\"c-card__media \" style=\" \">\n\t\t\t\t\t\t<img decoding=\"async\" width=\"400\" height=\"400\" src=\"https:\/\/rytmus.se\/wp-content\/uploads\/sites\/6\/2025\/03\/studentdaniel-scaled-e1741945396738-400x400.jpg\" class=\"attachment-sm size-sm\" alt=\"Rektor med studentm\u00f6ssa\" sizes=\"(min-width: 64em) 300px, (min-width: 48em) calc(.50 * (100vw - 224px)), calc(100vw - 160px)\" srcset=\"https:\/\/rytmus.se\/wp-content\/uploads\/sites\/6\/2025\/03\/studentdaniel-scaled-e1741945396738-400x400.jpg 400w, https:\/\/rytmus.se\/wp-content\/uploads\/sites\/6\/2025\/03\/studentdaniel-scaled-e1741945396738-150x150.jpg 150w, https:\/\/rytmus.se\/wp-content\/uploads\/sites\/6\/2025\/03\/studentdaniel-scaled-e1741945396738-300x300.jpg 300w, https:\/\/rytmus.se\/wp-content\/uploads\/sites\/6\/2025\/03\/studentdaniel-scaled-e1741945396738-600x600.jpg 600w, https:\/\/rytmus.se\/wp-content\/uploads\/sites\/6\/2025\/03\/studentdaniel-scaled-e1741945396738-800x800.jpg 800w, https:\/\/rytmus.se\/wp-content\/uploads\/sites\/6\/2025\/03\/studentdaniel-scaled-e1741945396738-1024x1024.jpg 1024w, https:\/\/rytmus.se\/wp-content\/uploads\/sites\/6\/2025\/03\/studentdaniel-scaled-e1741945396738-1200x1200.jpg 1200w, https:\/\/rytmus.se\/wp-content\/uploads\/sites\/6\/2025\/03\/studentdaniel-scaled-e1741945396738.jpg 1920w\" \/>\n\t\t\t\t\t<\/div>\n\t\t\t\t<\/article>\n\t\t\t<\/li>\n\t\t\t\t\t\t\t\t\t\t\t\t\t\t\t\t\t\n\t\t\t\n\t\t\t\n\t\t\t<li class=\"l-col-6@md l-col-4@lg \" data-filter=\"nyheter augusti-2023\">\n\t\t\t\t<article class=\"c-card  has-media-zoom  \" data-variant=\"border\" data-style=\"square\" data-click-area>\n\t\t\t\t\t<div class=\"c-card__content l-stack l-stack-sm\">\n\n\t\t\t\t\t\t\t\t\t\t\t\t\t<time class=\"c-card__date u-font-small\" datetime=\"2023-08-01\">1 augusti 2023<\/time>\n\t\t\t\t\t\t\n\t\t\t\t\t\t\t\t\t\t\t\t\t<h3 class=\"c-card__title u-font-title-3\">\n\t\t\t\t\t\t\t\t\t\t\t\t\t\t\t\t\t<a class=\"c-card__link\" href=\"https:\/\/rytmus.se\/orebro\/artikel\/lokal\/rytmus-fyller-30-ar\">\n\t\t\t\t\t\t\t\t\t\tRytmus fyller 30 \u00e5r&#8230;\n\t\t\t\t\t\t\t\t\t<\/a>\n\t\t\t\t\t\t\t\t\t\t\t\t\t\t\t<\/h3>\n\t\t\t\t\t\t\n\t\t\t\t\t\t\t\t\t\t\t\t\t<p class=\"c-card__text l-stack-xs u-font-body\">\n\t\t\t\t\t\t\t\tSave the week! Rytmus firar 30 \u00e5r!\n\t\t\t\t\t\t\t<\/p>\n\t\t\t\t\t\t\n\t\t\t\t\t\t\t\t\t\t\t\t\t<ul class=\"c-card__tags l-stack-grow u-list-none u-pt-md\" aria-label=\"Kategorier\">\n\t\t\t\t\t\t\t\t\t\t\t\t\t\t\t\t\t<li><span class=\"c-tag\" data-variant=\"outline\">Nyheter<\/span><\/li>\n\t\t\t\t\t\t\t\t\t\t\t\t\t\t\t<\/ul>\n\t\t\t\t\t\t\n\t\t\t\t\t\t<div class=\"c-card__icon\">\n\t\t\t\t\t\t\t\t\t\t\t\t\t\t<svg class=\"ams-icon ams-icon--arrow-right\" width=\"32\" height=\"32\" viewbox=\"0 0 32 32\" fill=\"currentColor\" aria-hidden=\"true\" xmlns=\"http:\/\/www.w3.org\/2000\/svg\">\n\t\t\t\t\t\t\t\t\t\t\t\t\t\t\t\t<path d=\"M15.4617 0.252159L14.9567 0.75931C14.6219 1.09545 14.6219 1.64048 14.9567 1.97669L27.7062 14.7806H0.857144C0.383786 14.7806 0 15.166 0 15.6414V16.3587C0 16.8341 0.383786 17.2195 0.857144 17.2195H27.7062L14.9567 30.0234C14.6219 30.3595 14.6219 30.9045 14.9567 31.2407L15.4617 31.7479C15.7964 32.084 16.3392 32.084 16.6739 31.7479L31.749 16.6087C32.0837 16.2725 32.0837 15.7275 31.749 15.3913L16.6739 0.252159C16.3392 -0.084053 15.7964 -0.084053 15.4617 0.252159Z\"\/>\n\t\t\t\t\t\t\t\n\t\t\t\t\t\t\t<\/svg>\n\t\t\t\t\t\t<\/div>\n\t\t\t\t\t<\/div>\n\n\t\t\t\t\t<div class=\"c-card__media \" style=\" \">\n\t\t\t\t\t\t<img decoding=\"async\" width=\"400\" height=\"200\" src=\"https:\/\/rytmus.se\/wp-content\/uploads\/2023\/07\/rytmus-30-ar-400x200.jpg\" class=\"attachment-sm size-sm\" alt=\"Rytmus 30 \u00e5r logga.\" sizes=\"(min-width: 64em) 300px, (min-width: 48em) calc(.50 * (100vw - 224px)), calc(100vw - 160px)\" srcset=\"https:\/\/rytmus.se\/wp-content\/uploads\/2023\/07\/rytmus-30-ar-400x200.jpg 400w, https:\/\/rytmus.se\/wp-content\/uploads\/2023\/07\/rytmus-30-ar-300x150.jpg 300w, https:\/\/rytmus.se\/wp-content\/uploads\/2023\/07\/rytmus-30-ar-600x300.jpg 600w, https:\/\/rytmus.se\/wp-content\/uploads\/2023\/07\/rytmus-30-ar-800x400.jpg 800w, https:\/\/rytmus.se\/wp-content\/uploads\/2023\/07\/rytmus-30-ar-1024x512.jpg 1024w, https:\/\/rytmus.se\/wp-content\/uploads\/2023\/07\/rytmus-30-ar-1200x600.jpg 1200w\" \/>\n\t\t\t\t\t<\/div>\n\t\t\t\t<\/article>\n\t\t\t<\/li>\n\t\t\t\t\t\t\t\t\t\t\t\t\t\t\t\t\t\n\t\t\t\n\t\t\t\n\t\t\t<li class=\"l-col-6@md l-col-4@lg \" data-filter=\"clinics februari-2023\">\n\t\t\t\t<article class=\"c-card  has-media-zoom  \" data-variant=\"border\" data-style=\"square\" data-click-area>\n\t\t\t\t\t<div class=\"c-card__content l-stack l-stack-sm\">\n\n\t\t\t\t\t\t\t\t\t\t\t\t\t<time class=\"c-card__date u-font-small\" datetime=\"2023-02-10\">10 februari 2023<\/time>\n\t\t\t\t\t\t\n\t\t\t\t\t\t\t\t\t\t\t\t\t<h3 class=\"c-card__title u-font-title-3\">\n\t\t\t\t\t\t\t\t\t\t\t\t\t\t\t\t\t<a class=\"c-card__link\" href=\"https:\/\/rytmus.se\/orebro\/artikel\/lokal\/clinic-med-jonna-lofgren\">\n\t\t\t\t\t\t\t\t\t\tClinic med Jonna L\u00f6fgren&#8230;\n\t\t\t\t\t\t\t\t\t<\/a>\n\t\t\t\t\t\t\t\t\t\t\t\t\t\t\t<\/h3>\n\t\t\t\t\t\t\n\t\t\t\t\t\t\t\t\t\t\t\t\t<p class=\"c-card__text l-stack-xs u-font-body\">\n\t\t\t\t\t\t\t\tTrummisen Jonna L\u00f6fgren bes\u00f6kte Rytmus\n\t\t\t\t\t\t\t<\/p>\n\t\t\t\t\t\t\n\t\t\t\t\t\t\t\t\t\t\t\t\t<ul class=\"c-card__tags l-stack-grow u-list-none u-pt-md\" aria-label=\"Kategorier\">\n\t\t\t\t\t\t\t\t\t\t\t\t\t\t\t\t\t<li><span class=\"c-tag\" data-variant=\"outline\">Clinics<\/span><\/li>\n\t\t\t\t\t\t\t\t\t\t\t\t\t\t\t<\/ul>\n\t\t\t\t\t\t\n\t\t\t\t\t\t<div class=\"c-card__icon\">\n\t\t\t\t\t\t\t\t\t\t\t\t\t\t<svg class=\"ams-icon ams-icon--arrow-right\" width=\"32\" height=\"32\" viewbox=\"0 0 32 32\" fill=\"currentColor\" aria-hidden=\"true\" xmlns=\"http:\/\/www.w3.org\/2000\/svg\">\n\t\t\t\t\t\t\t\t\t\t\t\t\t\t\t\t<path d=\"M15.4617 0.252159L14.9567 0.75931C14.6219 1.09545 14.6219 1.64048 14.9567 1.97669L27.7062 14.7806H0.857144C0.383786 14.7806 0 15.166 0 15.6414V16.3587C0 16.8341 0.383786 17.2195 0.857144 17.2195H27.7062L14.9567 30.0234C14.6219 30.3595 14.6219 30.9045 14.9567 31.2407L15.4617 31.7479C15.7964 32.084 16.3392 32.084 16.6739 31.7479L31.749 16.6087C32.0837 16.2725 32.0837 15.7275 31.749 15.3913L16.6739 0.252159C16.3392 -0.084053 15.7964 -0.084053 15.4617 0.252159Z\"\/>\n\t\t\t\t\t\t\t\n\t\t\t\t\t\t\t<\/svg>\n\t\t\t\t\t\t<\/div>\n\t\t\t\t\t<\/div>\n\n\t\t\t\t\t<div class=\"c-card__media \" style=\" \">\n\t\t\t\t\t\t<img decoding=\"async\" width=\"400\" height=\"400\" src=\"https:\/\/rytmus.se\/wp-content\/uploads\/2023\/02\/jonna-lofgren-clinic-orebro-e1676034552475-400x400.jpeg\" class=\"attachment-sm size-sm\" alt=\"En trummis sitter vid trummorna och spelar under en Clinic I \u00d6rebro.\" sizes=\"(min-width: 64em) 300px, (min-width: 48em) calc(.50 * (100vw - 224px)), calc(100vw - 160px)\" srcset=\"https:\/\/rytmus.se\/wp-content\/uploads\/2023\/02\/jonna-lofgren-clinic-orebro-e1676034552475-400x400.jpeg 400w, https:\/\/rytmus.se\/wp-content\/uploads\/2023\/02\/jonna-lofgren-clinic-orebro-e1676034552475-150x150.jpeg 150w, https:\/\/rytmus.se\/wp-content\/uploads\/2023\/02\/jonna-lofgren-clinic-orebro-e1676034552475-300x300.jpeg 300w, https:\/\/rytmus.se\/wp-content\/uploads\/2023\/02\/jonna-lofgren-clinic-orebro-e1676034552475-600x600.jpeg 600w, https:\/\/rytmus.se\/wp-content\/uploads\/2023\/02\/jonna-lofgren-clinic-orebro-e1676034552475-800x800.jpeg 800w, https:\/\/rytmus.se\/wp-content\/uploads\/2023\/02\/jonna-lofgren-clinic-orebro-e1676034552475-1024x1024.jpeg 1024w, https:\/\/rytmus.se\/wp-content\/uploads\/2023\/02\/jonna-lofgren-clinic-orebro-e1676034552475-1200x1200.jpeg 1200w, https:\/\/rytmus.se\/wp-content\/uploads\/2023\/02\/jonna-lofgren-clinic-orebro-e1676034552475.jpeg 1270w\" \/>\n\t\t\t\t\t<\/div>\n\t\t\t\t<\/article>\n\t\t\t<\/li>\n\t\t\t\t\t\t\t\t\t\t\t\t\t\t\t\t\t\n\t\t\t\n\t\t\t\n\t\t\t<li class=\"l-col-6@md l-col-4@lg \" data-filter=\"elevintervju januari-2023\">\n\t\t\t\t<article class=\"c-card  has-media-zoom  \" data-variant=\"border\" data-style=\"square\" data-click-area>\n\t\t\t\t\t<div class=\"c-card__content l-stack l-stack-sm\">\n\n\t\t\t\t\t\t\t\t\t\t\t\t\t<time class=\"c-card__date u-font-small\" datetime=\"2023-01-12\">12 januari 2023<\/time>\n\t\t\t\t\t\t\n\t\t\t\t\t\t\t\t\t\t\t\t\t<h3 class=\"c-card__title u-font-title-3\">\n\t\t\t\t\t\t\t\t\t\t\t\t\t\t\t\t\t<a class=\"c-card__link\" href=\"https:\/\/rytmus.se\/orebro\/artikel\/elevintervju-mira-2\/\">\n\t\t\t\t\t\t\t\t\t\t&#8221;Jag har tagit toner jag aldri&#8230;\n\t\t\t\t\t\t\t\t\t<\/a>\n\t\t\t\t\t\t\t\t\t\t\t\t\t\t\t<\/h3>\n\t\t\t\t\t\t\n\t\t\t\t\t\t\t\t\t\t\t\t\t<p class=\"c-card__text l-stack-xs u-font-body\">\n\t\t\t\t\t\t\t\tMira g\u00e5r \u00e5rskurs 3 p\u00e5 Rytmus \u00d6rebro och &#8230;\n\t\t\t\t\t\t\t<\/p>\n\t\t\t\t\t\t\n\t\t\t\t\t\t\t\t\t\t\t\t\t<ul class=\"c-card__tags l-stack-grow u-list-none u-pt-md\" aria-label=\"Kategorier\">\n\t\t\t\t\t\t\t\t\t\t\t\t\t\t\t\t\t<li><span class=\"c-tag\" data-variant=\"outline\">Elevintervjuer<\/span><\/li>\n\t\t\t\t\t\t\t\t\t\t\t\t\t\t\t<\/ul>\n\t\t\t\t\t\t\n\t\t\t\t\t\t<div class=\"c-card__icon\">\n\t\t\t\t\t\t\t\t\t\t\t\t\t\t<svg class=\"ams-icon ams-icon--arrow-right\" width=\"32\" height=\"32\" viewbox=\"0 0 32 32\" fill=\"currentColor\" aria-hidden=\"true\" xmlns=\"http:\/\/www.w3.org\/2000\/svg\">\n\t\t\t\t\t\t\t\t\t\t\t\t\t\t\t\t<path d=\"M15.4617 0.252159L14.9567 0.75931C14.6219 1.09545 14.6219 1.64048 14.9567 1.97669L27.7062 14.7806H0.857144C0.383786 14.7806 0 15.166 0 15.6414V16.3587C0 16.8341 0.383786 17.2195 0.857144 17.2195H27.7062L14.9567 30.0234C14.6219 30.3595 14.6219 30.9045 14.9567 31.2407L15.4617 31.7479C15.7964 32.084 16.3392 32.084 16.6739 31.7479L31.749 16.6087C32.0837 16.2725 32.0837 15.7275 31.749 15.3913L16.6739 0.252159C16.3392 -0.084053 15.7964 -0.084053 15.4617 0.252159Z\"\/>\n\t\t\t\t\t\t\t\n\t\t\t\t\t\t\t<\/svg>\n\t\t\t\t\t\t<\/div>\n\t\t\t\t\t<\/div>\n\n\t\t\t\t\t<div class=\"c-card__media \" style=\" \">\n\t\t\t\t\t\t<img decoding=\"async\" width=\"300\" height=\"227\" src=\"https:\/\/rytmus.se\/wp-content\/uploads\/sites\/6\/2023\/01\/1201949777349231qt3olesez7pvlyjx7putheight640-e1657193979637-300x227-1.png\" class=\"attachment-sm size-sm\" alt=\"Eleven Mira st\u00e5r p\u00e5 en sn\u00f6ig gata och tittar in i kameran.\" sizes=\"(min-width: 64em) 300px, (min-width: 48em) calc(.50 * (100vw - 224px)), calc(100vw - 160px)\" \/>\n\t\t\t\t\t<\/div>\n\t\t\t\t<\/article>\n\t\t\t<\/li>\n\t\t\t\t\t\t\t\t\t\t\t\t\t\t\t\t\t\n\t\t\t\n\t\t\t\n\t\t\t<li class=\"l-col-6@md l-col-4@lg \" data-filter=\"alumni januari-2023\">\n\t\t\t\t<article class=\"c-card  has-media-zoom  \" data-variant=\"border\" data-style=\"square\" data-click-area>\n\t\t\t\t\t<div class=\"c-card__content l-stack l-stack-sm\">\n\n\t\t\t\t\t\t\t\t\t\t\t\t\t<time class=\"c-card__date u-font-small\" datetime=\"2023-01-12\">12 januari 2023<\/time>\n\t\t\t\t\t\t\n\t\t\t\t\t\t\t\t\t\t\t\t\t<h3 class=\"c-card__title u-font-title-3\">\n\t\t\t\t\t\t\t\t\t\t\t\t\t\t\t\t\t<a class=\"c-card__link\" href=\"https:\/\/rytmus.se\/orebro\/artikel\/alumni-agnes\/\">\n\t\t\t\t\t\t\t\t\t\tFr\u00e5n Rytmus till sk\u00e5despelersk&#8230;\n\t\t\t\t\t\t\t\t\t<\/a>\n\t\t\t\t\t\t\t\t\t\t\t\t\t\t\t<\/h3>\n\t\t\t\t\t\t\n\t\t\t\t\t\t\t\t\t\t\t\t\t<p class=\"c-card__text l-stack-xs u-font-body\">\n\t\t\t\t\t\t\t\tAgnes tog studenten fr\u00e5n Rytmus \u00d6rebro 2&#8230;\n\t\t\t\t\t\t\t<\/p>\n\t\t\t\t\t\t\n\t\t\t\t\t\t\t\t\t\t\t\t\t<ul class=\"c-card__tags l-stack-grow u-list-none u-pt-md\" aria-label=\"Kategorier\">\n\t\t\t\t\t\t\t\t\t\t\t\t\t\t\t\t\t<li><span class=\"c-tag\" data-variant=\"outline\">Rytmus alumni<\/span><\/li>\n\t\t\t\t\t\t\t\t\t\t\t\t\t\t\t<\/ul>\n\t\t\t\t\t\t\n\t\t\t\t\t\t<div class=\"c-card__icon\">\n\t\t\t\t\t\t\t\t\t\t\t\t\t\t<svg class=\"ams-icon ams-icon--arrow-right\" width=\"32\" height=\"32\" viewbox=\"0 0 32 32\" fill=\"currentColor\" aria-hidden=\"true\" xmlns=\"http:\/\/www.w3.org\/2000\/svg\">\n\t\t\t\t\t\t\t\t\t\t\t\t\t\t\t\t<path d=\"M15.4617 0.252159L14.9567 0.75931C14.6219 1.09545 14.6219 1.64048 14.9567 1.97669L27.7062 14.7806H0.857144C0.383786 14.7806 0 15.166 0 15.6414V16.3587C0 16.8341 0.383786 17.2195 0.857144 17.2195H27.7062L14.9567 30.0234C14.6219 30.3595 14.6219 30.9045 14.9567 31.2407L15.4617 31.7479C15.7964 32.084 16.3392 32.084 16.6739 31.7479L31.749 16.6087C32.0837 16.2725 32.0837 15.7275 31.749 15.3913L16.6739 0.252159C16.3392 -0.084053 15.7964 -0.084053 15.4617 0.252159Z\"\/>\n\t\t\t\t\t\t\t\n\t\t\t\t\t\t\t<\/svg>\n\t\t\t\t\t\t<\/div>\n\t\t\t\t\t<\/div>\n\n\t\t\t\t\t<div class=\"c-card__media \" style=\" \">\n\t\t\t\t\t\t<img decoding=\"async\" width=\"216\" height=\"245\" src=\"https:\/\/rytmus.se\/wp-content\/uploads\/sites\/6\/2023\/01\/1201949440999341o9v5hpgdfz05gmdtpqzxheight640.png\" class=\"attachment-sm size-sm\" alt=\"F\u00f6re detta rytmuseleven Agnes tittar fundersamt \u00e5t sidan.\" sizes=\"(min-width: 64em) 300px, (min-width: 48em) calc(.50 * (100vw - 224px)), calc(100vw - 160px)\" \/>\n\t\t\t\t\t<\/div>\n\t\t\t\t<\/article>\n\t\t\t<\/li>\n\t\t\t\t\t\t\t\t\t\t\t\t\t\t\t\t\t\n\t\t\t\n\t\t\t\n\t\t\t<li class=\"l-col-6@md l-col-4@lg \" data-filter=\"alumni januari-2023\">\n\t\t\t\t<article class=\"c-card  has-media-zoom  \" data-variant=\"border\" data-style=\"square\" data-click-area>\n\t\t\t\t\t<div class=\"c-card__content l-stack l-stack-sm\">\n\n\t\t\t\t\t\t\t\t\t\t\t\t\t<time class=\"c-card__date u-font-small\" datetime=\"2023-01-12\">12 januari 2023<\/time>\n\t\t\t\t\t\t\n\t\t\t\t\t\t\t\t\t\t\t\t\t<h3 class=\"c-card__title u-font-title-3\">\n\t\t\t\t\t\t\t\t\t\t\t\t\t\t\t\t\t<a class=\"c-card__link\" href=\"https:\/\/rytmus.se\/orebro\/artikel\/alumni-linnea\/\">\n\t\t\t\t\t\t\t\t\t\t&#8221;Idag pluggar jag p\u00e5 KTH&#8221;\n\t\t\t\t\t\t\t\t\t<\/a>\n\t\t\t\t\t\t\t\t\t\t\t\t\t\t\t<\/h3>\n\t\t\t\t\t\t\n\t\t\t\t\t\t\t\t\t\t\t\t\t<p class=\"c-card__text l-stack-xs u-font-body\">\n\t\t\t\t\t\t\t\tLinnea tog studenten fr\u00e5n Rytmus \u00d6rebro &#8230;\n\t\t\t\t\t\t\t<\/p>\n\t\t\t\t\t\t\n\t\t\t\t\t\t\t\t\t\t\t\t\t<ul class=\"c-card__tags l-stack-grow u-list-none u-pt-md\" aria-label=\"Kategorier\">\n\t\t\t\t\t\t\t\t\t\t\t\t\t\t\t\t\t<li><span class=\"c-tag\" data-variant=\"outline\">Rytmus alumni<\/span><\/li>\n\t\t\t\t\t\t\t\t\t\t\t\t\t\t\t<\/ul>\n\t\t\t\t\t\t\n\t\t\t\t\t\t<div class=\"c-card__icon\">\n\t\t\t\t\t\t\t\t\t\t\t\t\t\t<svg class=\"ams-icon ams-icon--arrow-right\" width=\"32\" height=\"32\" viewbox=\"0 0 32 32\" fill=\"currentColor\" aria-hidden=\"true\" xmlns=\"http:\/\/www.w3.org\/2000\/svg\">\n\t\t\t\t\t\t\t\t\t\t\t\t\t\t\t\t<path d=\"M15.4617 0.252159L14.9567 0.75931C14.6219 1.09545 14.6219 1.64048 14.9567 1.97669L27.7062 14.7806H0.857144C0.383786 14.7806 0 15.166 0 15.6414V16.3587C0 16.8341 0.383786 17.2195 0.857144 17.2195H27.7062L14.9567 30.0234C14.6219 30.3595 14.6219 30.9045 14.9567 31.2407L15.4617 31.7479C15.7964 32.084 16.3392 32.084 16.6739 31.7479L31.749 16.6087C32.0837 16.2725 32.0837 15.7275 31.749 15.3913L16.6739 0.252159C16.3392 -0.084053 15.7964 -0.084053 15.4617 0.252159Z\"\/>\n\t\t\t\t\t\t\t\n\t\t\t\t\t\t\t<\/svg>\n\t\t\t\t\t\t<\/div>\n\t\t\t\t\t<\/div>\n\n\t\t\t\t\t<div class=\"c-card__media \" style=\" \">\n\t\t\t\t\t\t<img decoding=\"async\" width=\"300\" height=\"298\" src=\"https:\/\/rytmus.se\/wp-content\/uploads\/sites\/6\/2023\/01\/1201949949359107xyyycnvehxkhcl8pymfwheight640-e1657187840120-300x298-1.png\" class=\"attachment-sm size-sm\" alt=\"F\u00f6re detta rytmuseleven Linnea tittar \u00e5t v\u00e4nster med en blomsterkrans p\u00e5 huvudet.\" sizes=\"(min-width: 64em) 300px, (min-width: 48em) calc(.50 * (100vw - 224px)), calc(100vw - 160px)\" srcset=\"https:\/\/rytmus.se\/wp-content\/uploads\/sites\/6\/2023\/01\/1201949949359107xyyycnvehxkhcl8pymfwheight640-e1657187840120-300x298-1.png 300w, https:\/\/rytmus.se\/wp-content\/uploads\/sites\/6\/2023\/01\/1201949949359107xyyycnvehxkhcl8pymfwheight640-e1657187840120-300x298-1-150x150.png 150w\" \/>\n\t\t\t\t\t<\/div>\n\t\t\t\t<\/article>\n\t\t\t<\/li>\n\t\t\t\t\t\t\t\t\t\t\t\t\t\t\t\t\t\n\t\t\t\n\t\t\t\n\t\t\t<li class=\"l-col-6@md l-col-4@lg \" data-filter=\"alumni januari-2023\">\n\t\t\t\t<article class=\"c-card  has-media-zoom  \" data-variant=\"border\" data-style=\"square\" data-click-area>\n\t\t\t\t\t<div class=\"c-card__content l-stack l-stack-sm\">\n\n\t\t\t\t\t\t\t\t\t\t\t\t\t<time class=\"c-card__date u-font-small\" datetime=\"2023-01-12\">12 januari 2023<\/time>\n\t\t\t\t\t\t\n\t\t\t\t\t\t\t\t\t\t\t\t\t<h3 class=\"c-card__title u-font-title-3\">\n\t\t\t\t\t\t\t\t\t\t\t\t\t\t\t\t\t<a class=\"c-card__link\" href=\"https:\/\/rytmus.se\/orebro\/artikel\/alumni-emelie\/\">\n\t\t\t\t\t\t\t\t\t\t&#8221;Rytmus gav mig en stor bredd &#8230;\n\t\t\t\t\t\t\t\t\t<\/a>\n\t\t\t\t\t\t\t\t\t\t\t\t\t\t\t<\/h3>\n\t\t\t\t\t\t\n\t\t\t\t\t\t\t\t\t\t\t\t\t<p class=\"c-card__text l-stack-xs u-font-body\">\n\t\t\t\t\t\t\t\tEmelie tog studenten fr\u00e5n Rytmus \u00d6rebro &#8230;\n\t\t\t\t\t\t\t<\/p>\n\t\t\t\t\t\t\n\t\t\t\t\t\t\t\t\t\t\t\t\t<ul class=\"c-card__tags l-stack-grow u-list-none u-pt-md\" aria-label=\"Kategorier\">\n\t\t\t\t\t\t\t\t\t\t\t\t\t\t\t\t\t<li><span class=\"c-tag\" data-variant=\"outline\">Rytmus alumni<\/span><\/li>\n\t\t\t\t\t\t\t\t\t\t\t\t\t\t\t<\/ul>\n\t\t\t\t\t\t\n\t\t\t\t\t\t<div class=\"c-card__icon\">\n\t\t\t\t\t\t\t\t\t\t\t\t\t\t<svg class=\"ams-icon ams-icon--arrow-right\" width=\"32\" height=\"32\" viewbox=\"0 0 32 32\" fill=\"currentColor\" aria-hidden=\"true\" xmlns=\"http:\/\/www.w3.org\/2000\/svg\">\n\t\t\t\t\t\t\t\t\t\t\t\t\t\t\t\t<path d=\"M15.4617 0.252159L14.9567 0.75931C14.6219 1.09545 14.6219 1.64048 14.9567 1.97669L27.7062 14.7806H0.857144C0.383786 14.7806 0 15.166 0 15.6414V16.3587C0 16.8341 0.383786 17.2195 0.857144 17.2195H27.7062L14.9567 30.0234C14.6219 30.3595 14.6219 30.9045 14.9567 31.2407L15.4617 31.7479C15.7964 32.084 16.3392 32.084 16.6739 31.7479L31.749 16.6087C32.0837 16.2725 32.0837 15.7275 31.749 15.3913L16.6739 0.252159C16.3392 -0.084053 15.7964 -0.084053 15.4617 0.252159Z\"\/>\n\t\t\t\t\t\t\t\n\t\t\t\t\t\t\t<\/svg>\n\t\t\t\t\t\t<\/div>\n\t\t\t\t\t<\/div>\n\n\t\t\t\t\t<div class=\"c-card__media \" style=\" \">\n\t\t\t\t\t\t<img decoding=\"async\" width=\"400\" height=\"450\" src=\"https:\/\/rytmus.se\/wp-content\/uploads\/sites\/6\/2023\/01\/a57f3f1f-8078-43d2-9a23-240393bbc6f2-400x450.jpeg\" class=\"attachment-sm size-sm\" alt=\"F\u00f6re detta rytmuseleven Tindra ler och tittar in i kameran\" sizes=\"(min-width: 64em) 300px, (min-width: 48em) calc(.50 * (100vw - 224px)), calc(100vw - 160px)\" srcset=\"https:\/\/rytmus.se\/wp-content\/uploads\/sites\/6\/2023\/01\/a57f3f1f-8078-43d2-9a23-240393bbc6f2-400x450.jpeg 400w, https:\/\/rytmus.se\/wp-content\/uploads\/sites\/6\/2023\/01\/a57f3f1f-8078-43d2-9a23-240393bbc6f2-300x338.jpeg 300w, https:\/\/rytmus.se\/wp-content\/uploads\/sites\/6\/2023\/01\/a57f3f1f-8078-43d2-9a23-240393bbc6f2-600x675.jpeg 600w, https:\/\/rytmus.se\/wp-content\/uploads\/sites\/6\/2023\/01\/a57f3f1f-8078-43d2-9a23-240393bbc6f2-800x901.jpeg 800w, https:\/\/rytmus.se\/wp-content\/uploads\/sites\/6\/2023\/01\/a57f3f1f-8078-43d2-9a23-240393bbc6f2.jpeg 827w\" \/>\n\t\t\t\t\t<\/div>\n\t\t\t\t<\/article>\n\t\t\t<\/li>\n\t\t\t\t\t\t\t\t\t\t\t\t\t\t\t\t\t\n\t\t\t\n\t\t\t\n\t\t\t<li class=\"l-col-6@md l-col-4@lg \" data-filter=\"elevintervju januari-2023\">\n\t\t\t\t<article class=\"c-card  has-media-zoom  \" data-variant=\"border\" data-style=\"square\" data-click-area>\n\t\t\t\t\t<div class=\"c-card__content l-stack l-stack-sm\">\n\n\t\t\t\t\t\t\t\t\t\t\t\t\t<time class=\"c-card__date u-font-small\" datetime=\"2023-01-12\">12 januari 2023<\/time>\n\t\t\t\t\t\t\n\t\t\t\t\t\t\t\t\t\t\t\t\t<h3 class=\"c-card__title u-font-title-3\">\n\t\t\t\t\t\t\t\t\t\t\t\t\t\t\t\t\t<a class=\"c-card__link\" href=\"https:\/\/rytmus.se\/orebro\/artikel\/elevintervju-tindra\/\">\n\t\t\t\t\t\t\t\t\t\t\u201dGemenskapen \u00e4r n\u00e5got alldeles&#8230;\n\t\t\t\t\t\t\t\t\t<\/a>\n\t\t\t\t\t\t\t\t\t\t\t\t\t\t\t<\/h3>\n\t\t\t\t\t\t\n\t\t\t\t\t\t\t\t\t\t\t\t\t<p class=\"c-card__text l-stack-xs u-font-body\">\n\t\t\t\t\t\t\t\tTindra g\u00e5r sitt tredje \u00e5r p\u00e5 grenen Sing&#8230;\n\t\t\t\t\t\t\t<\/p>\n\t\t\t\t\t\t\n\t\t\t\t\t\t\t\t\t\t\t\t\t<ul class=\"c-card__tags l-stack-grow u-list-none u-pt-md\" aria-label=\"Kategorier\">\n\t\t\t\t\t\t\t\t\t\t\t\t\t\t\t\t\t<li><span class=\"c-tag\" data-variant=\"outline\">Elevintervjuer<\/span><\/li>\n\t\t\t\t\t\t\t\t\t\t\t\t\t\t\t<\/ul>\n\t\t\t\t\t\t\n\t\t\t\t\t\t<div class=\"c-card__icon\">\n\t\t\t\t\t\t\t\t\t\t\t\t\t\t<svg class=\"ams-icon ams-icon--arrow-right\" width=\"32\" height=\"32\" viewbox=\"0 0 32 32\" fill=\"currentColor\" aria-hidden=\"true\" xmlns=\"http:\/\/www.w3.org\/2000\/svg\">\n\t\t\t\t\t\t\t\t\t\t\t\t\t\t\t\t<path d=\"M15.4617 0.252159L14.9567 0.75931C14.6219 1.09545 14.6219 1.64048 14.9567 1.97669L27.7062 14.7806H0.857144C0.383786 14.7806 0 15.166 0 15.6414V16.3587C0 16.8341 0.383786 17.2195 0.857144 17.2195H27.7062L14.9567 30.0234C14.6219 30.3595 14.6219 30.9045 14.9567 31.2407L15.4617 31.7479C15.7964 32.084 16.3392 32.084 16.6739 31.7479L31.749 16.6087C32.0837 16.2725 32.0837 15.7275 31.749 15.3913L16.6739 0.252159C16.3392 -0.084053 15.7964 -0.084053 15.4617 0.252159Z\"\/>\n\t\t\t\t\t\t\t\n\t\t\t\t\t\t\t<\/svg>\n\t\t\t\t\t\t<\/div>\n\t\t\t\t\t<\/div>\n\n\t\t\t\t\t<div class=\"c-card__media \" style=\" \">\n\t\t\t\t\t\t<img decoding=\"async\" width=\"400\" height=\"358\" src=\"https:\/\/rytmus.se\/wp-content\/uploads\/sites\/6\/2023\/01\/1201949567162031an2yamodz8we6rb9h2dmheight640-e1657194720934-400x358.png\" class=\"attachment-sm size-sm\" alt=\"F\u00f6re detta rytmuseleven Tindra sjunger i en mikrofon p\u00e5 en scen.\" sizes=\"(min-width: 64em) 300px, (min-width: 48em) calc(.50 * (100vw - 224px)), calc(100vw - 160px)\" srcset=\"https:\/\/rytmus.se\/wp-content\/uploads\/sites\/6\/2023\/01\/1201949567162031an2yamodz8we6rb9h2dmheight640-e1657194720934-400x358.png 400w, https:\/\/rytmus.se\/wp-content\/uploads\/sites\/6\/2023\/01\/1201949567162031an2yamodz8we6rb9h2dmheight640-e1657194720934-300x268.png 300w, https:\/\/rytmus.se\/wp-content\/uploads\/sites\/6\/2023\/01\/1201949567162031an2yamodz8we6rb9h2dmheight640-e1657194720934.png 434w\" \/>\n\t\t\t\t\t<\/div>\n\t\t\t\t<\/article>\n\t\t\t<\/li>\n\t\t\t\t\t\t\t\t\t\t\t\t\t\t\t\t\t\n\t\t\t\n\t\t\t\n\t\t\t<li class=\"l-col-6@md l-col-4@lg \" data-filter=\"alumni november-2022\">\n\t\t\t\t<article class=\"c-card  has-media-zoom  \" data-variant=\"border\" data-style=\"square\" data-click-area>\n\t\t\t\t\t<div class=\"c-card__content l-stack l-stack-sm\">\n\n\t\t\t\t\t\t\t\t\t\t\t\t\t<time class=\"c-card__date u-font-small\" datetime=\"2022-11-16\">16 november 2022<\/time>\n\t\t\t\t\t\t\n\t\t\t\t\t\t\t\t\t\t\t\t\t<h3 class=\"c-card__title u-font-title-3\">\n\t\t\t\t\t\t\t\t\t\t\t\t\t\t\t\t\t<a class=\"c-card__link\" href=\"https:\/\/rytmus.se\/orebro\/artikel\/lokal\/musikproducent-som-jobb\">\n\t\t\t\t\t\t\t\t\t\tMusikproducent som jobb\n\t\t\t\t\t\t\t\t\t<\/a>\n\t\t\t\t\t\t\t\t\t\t\t\t\t\t\t<\/h3>\n\t\t\t\t\t\t\n\t\t\t\t\t\t\t\t\t\t\t\t\t<p class=\"c-card__text l-stack-xs u-font-body\">\n\t\t\t\t\t\t\t\tF\u00f6r producenterna och l\u00e5tskrivarna John &#8230;\n\t\t\t\t\t\t\t<\/p>\n\t\t\t\t\t\t\n\t\t\t\t\t\t\t\t\t\t\t\t\t<ul class=\"c-card__tags l-stack-grow u-list-none u-pt-md\" aria-label=\"Kategorier\">\n\t\t\t\t\t\t\t\t\t\t\t\t\t\t\t\t\t<li><span class=\"c-tag\" data-variant=\"outline\">Rytmus alumni<\/span><\/li>\n\t\t\t\t\t\t\t\t\t\t\t\t\t\t\t<\/ul>\n\t\t\t\t\t\t\n\t\t\t\t\t\t<div class=\"c-card__icon\">\n\t\t\t\t\t\t\t\t\t\t\t\t\t\t<svg class=\"ams-icon ams-icon--arrow-right\" width=\"32\" height=\"32\" viewbox=\"0 0 32 32\" fill=\"currentColor\" aria-hidden=\"true\" xmlns=\"http:\/\/www.w3.org\/2000\/svg\">\n\t\t\t\t\t\t\t\t\t\t\t\t\t\t\t\t<path d=\"M15.4617 0.252159L14.9567 0.75931C14.6219 1.09545 14.6219 1.64048 14.9567 1.97669L27.7062 14.7806H0.857144C0.383786 14.7806 0 15.166 0 15.6414V16.3587C0 16.8341 0.383786 17.2195 0.857144 17.2195H27.7062L14.9567 30.0234C14.6219 30.3595 14.6219 30.9045 14.9567 31.2407L15.4617 31.7479C15.7964 32.084 16.3392 32.084 16.6739 31.7479L31.749 16.6087C32.0837 16.2725 32.0837 15.7275 31.749 15.3913L16.6739 0.252159C16.3392 -0.084053 15.7964 -0.084053 15.4617 0.252159Z\"\/>\n\t\t\t\t\t\t\t\n\t\t\t\t\t\t\t<\/svg>\n\t\t\t\t\t\t<\/div>\n\t\t\t\t\t<\/div>\n\n\t\t\t\t\t<div class=\"c-card__media \" style=\" \">\n\t\t\t\t\t\t<img decoding=\"async\" width=\"400\" height=\"282\" src=\"https:\/\/rytmus.se\/wp-content\/uploads\/2022\/11\/2020rec-01-400x282.jpg\" class=\"attachment-sm size-sm\" alt=\"Tv\u00e5 f\u00f6re detta rytmuselever sitter i en inspelningsstudio och tittar in i kamera.\" sizes=\"(min-width: 64em) 300px, (min-width: 48em) calc(.50 * (100vw - 224px)), calc(100vw - 160px)\" srcset=\"https:\/\/rytmus.se\/wp-content\/uploads\/2022\/11\/2020rec-01-400x282.jpg 400w, https:\/\/rytmus.se\/wp-content\/uploads\/2022\/11\/2020rec-01-300x211.jpg 300w, https:\/\/rytmus.se\/wp-content\/uploads\/2022\/11\/2020rec-01-600x423.jpg 600w, https:\/\/rytmus.se\/wp-content\/uploads\/2022\/11\/2020rec-01-800x564.jpg 800w, https:\/\/rytmus.se\/wp-content\/uploads\/2022\/11\/2020rec-01-1024x722.jpg 1024w, https:\/\/rytmus.se\/wp-content\/uploads\/2022\/11\/2020rec-01-1200x846.jpg 1200w\" \/>\n\t\t\t\t\t<\/div>\n\t\t\t\t<\/article>\n\t\t\t<\/li>\n\t\t\t\t\t\t\t\t\t\t\t\t\t\t\t\t\t\n\t\t\t\n\t\t\t\n\t\t\t<li class=\"l-col-6@md l-col-4@lg \" data-filter=\"alumni november-2022\">\n\t\t\t\t<article class=\"c-card  has-media-zoom  \" data-variant=\"border\" data-style=\"square\" data-click-area>\n\t\t\t\t\t<div class=\"c-card__content l-stack l-stack-sm\">\n\n\t\t\t\t\t\t\t\t\t\t\t\t\t<time class=\"c-card__date u-font-small\" datetime=\"2022-11-16\">16 november 2022<\/time>\n\t\t\t\t\t\t\n\t\t\t\t\t\t\t\t\t\t\t\t\t<h3 class=\"c-card__title u-font-title-3\">\n\t\t\t\t\t\t\t\t\t\t\t\t\t\t\t\t\t<a class=\"c-card__link\" href=\"https:\/\/rytmus.se\/orebro\/artikel\/lokal\/intervju-med-ingrid-witt-hagglund\">\n\t\t\t\t\t\t\t\t\t\t\u201dTre \u00e5r i en lyxig dr\u00f6mv\u00e4rld\u201d\n\t\t\t\t\t\t\t\t\t<\/a>\n\t\t\t\t\t\t\t\t\t\t\t\t\t\t\t<\/h3>\n\t\t\t\t\t\t\n\t\t\t\t\t\t\t\t\t\t\t\t\t<p class=\"c-card__text l-stack-xs u-font-body\">\n\t\t\t\t\t\t\t\tIngrid H\u00e4gglund tog studenten fr\u00e5n grene&#8230;\n\t\t\t\t\t\t\t<\/p>\n\t\t\t\t\t\t\n\t\t\t\t\t\t\t\t\t\t\t\t\t<ul class=\"c-card__tags l-stack-grow u-list-none u-pt-md\" aria-label=\"Kategorier\">\n\t\t\t\t\t\t\t\t\t\t\t\t\t\t\t\t\t<li><span class=\"c-tag\" data-variant=\"outline\">Rytmus alumni<\/span><\/li>\n\t\t\t\t\t\t\t\t\t\t\t\t\t\t\t<\/ul>\n\t\t\t\t\t\t\n\t\t\t\t\t\t<div class=\"c-card__icon\">\n\t\t\t\t\t\t\t\t\t\t\t\t\t\t<svg class=\"ams-icon ams-icon--arrow-right\" width=\"32\" height=\"32\" viewbox=\"0 0 32 32\" fill=\"currentColor\" aria-hidden=\"true\" xmlns=\"http:\/\/www.w3.org\/2000\/svg\">\n\t\t\t\t\t\t\t\t\t\t\t\t\t\t\t\t<path d=\"M15.4617 0.252159L14.9567 0.75931C14.6219 1.09545 14.6219 1.64048 14.9567 1.97669L27.7062 14.7806H0.857144C0.383786 14.7806 0 15.166 0 15.6414V16.3587C0 16.8341 0.383786 17.2195 0.857144 17.2195H27.7062L14.9567 30.0234C14.6219 30.3595 14.6219 30.9045 14.9567 31.2407L15.4617 31.7479C15.7964 32.084 16.3392 32.084 16.6739 31.7479L31.749 16.6087C32.0837 16.2725 32.0837 15.7275 31.749 15.3913L16.6739 0.252159C16.3392 -0.084053 15.7964 -0.084053 15.4617 0.252159Z\"\/>\n\t\t\t\t\t\t\t\n\t\t\t\t\t\t\t<\/svg>\n\t\t\t\t\t\t<\/div>\n\t\t\t\t\t<\/div>\n\n\t\t\t\t\t<div class=\"c-card__media \" style=\" \">\n\t\t\t\t\t\t<img decoding=\"async\" width=\"400\" height=\"270\" src=\"https:\/\/rytmus.se\/wp-content\/uploads\/2022\/11\/ingrid-witt-scaled-400x270.jpg\" class=\"attachment-sm size-sm\" alt=\"Ingrid Witt sitter p\u00e5 en pianopall.\" sizes=\"(min-width: 64em) 300px, (min-width: 48em) calc(.50 * (100vw - 224px)), calc(100vw - 160px)\" srcset=\"https:\/\/rytmus.se\/wp-content\/uploads\/2022\/11\/ingrid-witt-scaled-400x270.jpg 400w, https:\/\/rytmus.se\/wp-content\/uploads\/2022\/11\/ingrid-witt-scaled-300x202.jpg 300w, https:\/\/rytmus.se\/wp-content\/uploads\/2022\/11\/ingrid-witt-scaled-600x404.jpg 600w, https:\/\/rytmus.se\/wp-content\/uploads\/2022\/11\/ingrid-witt-scaled-800x539.jpg 800w, https:\/\/rytmus.se\/wp-content\/uploads\/2022\/11\/ingrid-witt-scaled-1024x690.jpg 1024w, https:\/\/rytmus.se\/wp-content\/uploads\/2022\/11\/ingrid-witt-scaled-1200x809.jpg 1200w\" \/>\n\t\t\t\t\t<\/div>\n\t\t\t\t<\/article>\n\t\t\t<\/li>\n\t\t\t\t\t\t\t\t\t\t\t\t\t\t\t\t\t\n\t\t\t\n\t\t\t\n\t\t\t<li class=\"l-col-6@md l-col-4@lg \" data-filter=\"alumni november-2022\">\n\t\t\t\t<article class=\"c-card  has-media-zoom  \" data-variant=\"border\" data-style=\"square\" data-click-area>\n\t\t\t\t\t<div class=\"c-card__content l-stack l-stack-sm\">\n\n\t\t\t\t\t\t\t\t\t\t\t\t\t<time class=\"c-card__date u-font-small\" datetime=\"2022-11-16\">16 november 2022<\/time>\n\t\t\t\t\t\t\n\t\t\t\t\t\t\t\t\t\t\t\t\t<h3 class=\"c-card__title u-font-title-3\">\n\t\t\t\t\t\t\t\t\t\t\t\t\t\t\t\t\t<a class=\"c-card__link\" href=\"https:\/\/rytmus.se\/orebro\/artikel\/lokal\/fran-rytmus-till-chalmers\">\n\t\t\t\t\t\t\t\t\t\tFr\u00e5n Rytmus till Chalmers\n\t\t\t\t\t\t\t\t\t<\/a>\n\t\t\t\t\t\t\t\t\t\t\t\t\t\t\t<\/h3>\n\t\t\t\t\t\t\n\t\t\t\t\t\t\t\t\t\t\t\t\t<p class=\"c-card__text l-stack-xs u-font-body\">\n\t\t\t\t\t\t\t\tM\u00f6t Karin L\u00f6\u00f6f Bj\u00f6rnram som l\u00e4ser till i&#8230;\n\t\t\t\t\t\t\t<\/p>\n\t\t\t\t\t\t\n\t\t\t\t\t\t\t\t\t\t\t\t\t<ul class=\"c-card__tags l-stack-grow u-list-none u-pt-md\" aria-label=\"Kategorier\">\n\t\t\t\t\t\t\t\t\t\t\t\t\t\t\t\t\t<li><span class=\"c-tag\" data-variant=\"outline\">Rytmus alumni<\/span><\/li>\n\t\t\t\t\t\t\t\t\t\t\t\t\t\t\t<\/ul>\n\t\t\t\t\t\t\n\t\t\t\t\t\t<div class=\"c-card__icon\">\n\t\t\t\t\t\t\t\t\t\t\t\t\t\t<svg class=\"ams-icon ams-icon--arrow-right\" width=\"32\" height=\"32\" viewbox=\"0 0 32 32\" fill=\"currentColor\" aria-hidden=\"true\" xmlns=\"http:\/\/www.w3.org\/2000\/svg\">\n\t\t\t\t\t\t\t\t\t\t\t\t\t\t\t\t<path d=\"M15.4617 0.252159L14.9567 0.75931C14.6219 1.09545 14.6219 1.64048 14.9567 1.97669L27.7062 14.7806H0.857144C0.383786 14.7806 0 15.166 0 15.6414V16.3587C0 16.8341 0.383786 17.2195 0.857144 17.2195H27.7062L14.9567 30.0234C14.6219 30.3595 14.6219 30.9045 14.9567 31.2407L15.4617 31.7479C15.7964 32.084 16.3392 32.084 16.6739 31.7479L31.749 16.6087C32.0837 16.2725 32.0837 15.7275 31.749 15.3913L16.6739 0.252159C16.3392 -0.084053 15.7964 -0.084053 15.4617 0.252159Z\"\/>\n\t\t\t\t\t\t\t\n\t\t\t\t\t\t\t<\/svg>\n\t\t\t\t\t\t<\/div>\n\t\t\t\t\t<\/div>\n\n\t\t\t\t\t<div class=\"c-card__media \" style=\" \">\n\t\t\t\t\t\t<img decoding=\"async\" width=\"400\" height=\"325\" src=\"https:\/\/rytmus.se\/wp-content\/uploads\/2022\/11\/karin-loof-bjornram-ingenjor-1-scaled-e1667310825867-400x325.jpg\" class=\"attachment-sm size-sm\" alt=\"F\u00f6re detta rytmuseleven Karin L\u00f6\u00f6f Bj\u00f6rnram leer och tittar in i kameran.\" sizes=\"(min-width: 64em) 300px, (min-width: 48em) calc(.50 * (100vw - 224px)), calc(100vw - 160px)\" srcset=\"https:\/\/rytmus.se\/wp-content\/uploads\/2022\/11\/karin-loof-bjornram-ingenjor-1-scaled-e1667310825867-400x325.jpg 400w, https:\/\/rytmus.se\/wp-content\/uploads\/2022\/11\/karin-loof-bjornram-ingenjor-1-scaled-e1667310825867-300x243.jpg 300w, https:\/\/rytmus.se\/wp-content\/uploads\/2022\/11\/karin-loof-bjornram-ingenjor-1-scaled-e1667310825867-600x487.jpg 600w, https:\/\/rytmus.se\/wp-content\/uploads\/2022\/11\/karin-loof-bjornram-ingenjor-1-scaled-e1667310825867-800x649.jpg 800w, https:\/\/rytmus.se\/wp-content\/uploads\/2022\/11\/karin-loof-bjornram-ingenjor-1-scaled-e1667310825867-1024x831.jpg 1024w, https:\/\/rytmus.se\/wp-content\/uploads\/2022\/11\/karin-loof-bjornram-ingenjor-1-scaled-e1667310825867-1200x974.jpg 1200w, https:\/\/rytmus.se\/wp-content\/uploads\/2022\/11\/karin-loof-bjornram-ingenjor-1-scaled-e1667310825867.jpg 2003w\" \/>\n\t\t\t\t\t<\/div>\n\t\t\t\t<\/article>\n\t\t\t<\/li>\n\t\t\t\t\t\t\t\t\t\t\t\t\t\t\t\t\t\n\t\t\t\n\t\t\t\n\t\t\t<li class=\"l-col-6@md l-col-4@lg \" data-filter=\"alumni november-2022\">\n\t\t\t\t<article class=\"c-card  has-media-zoom  \" data-variant=\"border\" data-style=\"square\" data-click-area>\n\t\t\t\t\t<div class=\"c-card__content l-stack l-stack-sm\">\n\n\t\t\t\t\t\t\t\t\t\t\t\t\t<time class=\"c-card__date u-font-small\" datetime=\"2022-11-16\">16 november 2022<\/time>\n\t\t\t\t\t\t\n\t\t\t\t\t\t\t\t\t\t\t\t\t<h3 class=\"c-card__title u-font-title-3\">\n\t\t\t\t\t\t\t\t\t\t\t\t\t\t\t\t\t<a class=\"c-card__link\" href=\"https:\/\/rytmus.se\/orebro\/artikel\/lokal\/fran-rytmus-till-lakarlinjen\">\n\t\t\t\t\t\t\t\t\t\tFr\u00e5n Rytmus till l\u00e4karlinjen\n\t\t\t\t\t\t\t\t\t<\/a>\n\t\t\t\t\t\t\t\t\t\t\t\t\t\t\t<\/h3>\n\t\t\t\t\t\t\n\t\t\t\t\t\t\t\t\t\t\t\t\t<p class=\"c-card__text l-stack-xs u-font-body\">\n\t\t\t\t\t\t\t\tM\u00f6t f\u00f6re detta Rytmuseleven Annie Dahlin&#8230;\n\t\t\t\t\t\t\t<\/p>\n\t\t\t\t\t\t\n\t\t\t\t\t\t\t\t\t\t\t\t\t<ul class=\"c-card__tags l-stack-grow u-list-none u-pt-md\" aria-label=\"Kategorier\">\n\t\t\t\t\t\t\t\t\t\t\t\t\t\t\t\t\t<li><span class=\"c-tag\" data-variant=\"outline\">Rytmus alumni<\/span><\/li>\n\t\t\t\t\t\t\t\t\t\t\t\t\t\t\t<\/ul>\n\t\t\t\t\t\t\n\t\t\t\t\t\t<div class=\"c-card__icon\">\n\t\t\t\t\t\t\t\t\t\t\t\t\t\t<svg class=\"ams-icon ams-icon--arrow-right\" width=\"32\" height=\"32\" viewbox=\"0 0 32 32\" fill=\"currentColor\" aria-hidden=\"true\" xmlns=\"http:\/\/www.w3.org\/2000\/svg\">\n\t\t\t\t\t\t\t\t\t\t\t\t\t\t\t\t<path d=\"M15.4617 0.252159L14.9567 0.75931C14.6219 1.09545 14.6219 1.64048 14.9567 1.97669L27.7062 14.7806H0.857144C0.383786 14.7806 0 15.166 0 15.6414V16.3587C0 16.8341 0.383786 17.2195 0.857144 17.2195H27.7062L14.9567 30.0234C14.6219 30.3595 14.6219 30.9045 14.9567 31.2407L15.4617 31.7479C15.7964 32.084 16.3392 32.084 16.6739 31.7479L31.749 16.6087C32.0837 16.2725 32.0837 15.7275 31.749 15.3913L16.6739 0.252159C16.3392 -0.084053 15.7964 -0.084053 15.4617 0.252159Z\"\/>\n\t\t\t\t\t\t\t\n\t\t\t\t\t\t\t<\/svg>\n\t\t\t\t\t\t<\/div>\n\t\t\t\t\t<\/div>\n\n\t\t\t\t\t<div class=\"c-card__media \" style=\" \">\n\t\t\t\t\t\t<img decoding=\"async\" width=\"400\" height=\"383\" src=\"https:\/\/rytmus.se\/wp-content\/uploads\/2022\/07\/annie-dahlin-lakarstudent-e1667308040375-400x383.jpg\" class=\"attachment-sm size-sm\" alt=\"F\u00f6re detta rytmuseleven Annie Dahlin leer och tittar in i kameran.\" sizes=\"(min-width: 64em) 300px, (min-width: 48em) calc(.50 * (100vw - 224px)), calc(100vw - 160px)\" srcset=\"https:\/\/rytmus.se\/wp-content\/uploads\/2022\/07\/annie-dahlin-lakarstudent-e1667308040375-400x383.jpg 400w, https:\/\/rytmus.se\/wp-content\/uploads\/2022\/07\/annie-dahlin-lakarstudent-e1667308040375-300x287.jpg 300w, https:\/\/rytmus.se\/wp-content\/uploads\/2022\/07\/annie-dahlin-lakarstudent-e1667308040375-600x574.jpg 600w, https:\/\/rytmus.se\/wp-content\/uploads\/2022\/07\/annie-dahlin-lakarstudent-e1667308040375-800x765.jpg 800w, https:\/\/rytmus.se\/wp-content\/uploads\/2022\/07\/annie-dahlin-lakarstudent-e1667308040375.jpg 873w\" \/>\n\t\t\t\t\t<\/div>\n\t\t\t\t<\/article>\n\t\t\t<\/li>\n\t\t\t\t\t\t\t\t\t\t\t\t\t\t\t\t\t\n\t\t\t\n\t\t\t\n\t\t\t<li class=\"l-col-6@md l-col-4@lg \" data-filter=\"clinics november-2022\">\n\t\t\t\t<article class=\"c-card  has-media-zoom  \" data-variant=\"border\" data-style=\"square\" data-click-area>\n\t\t\t\t\t<div class=\"c-card__content l-stack l-stack-sm\">\n\n\t\t\t\t\t\t\t\t\t\t\t\t\t<time class=\"c-card__date u-font-small\" datetime=\"2022-11-16\">16 november 2022<\/time>\n\t\t\t\t\t\t\n\t\t\t\t\t\t\t\t\t\t\t\t\t<h3 class=\"c-card__title u-font-title-3\">\n\t\t\t\t\t\t\t\t\t\t\t\t\t\t\t\t\t<a class=\"c-card__link\" href=\"https:\/\/rytmus.se\/orebro\/artikel\/lokal\/clinic-med-meadows\">\n\t\t\t\t\t\t\t\t\t\tClinic med Meadows\n\t\t\t\t\t\t\t\t\t<\/a>\n\t\t\t\t\t\t\t\t\t\t\t\t\t\t\t<\/h3>\n\t\t\t\t\t\t\n\t\t\t\t\t\t\t\t\t\t\t\t\t<p class=\"c-card__text l-stack-xs u-font-body\">\n\t\t\t\t\t\t\t\tDen 6 Maj fick vi bes\u00f6k Meadows.\r\n\r\n\n\t\t\t\t\t\t\t<\/p>\n\t\t\t\t\t\t\n\t\t\t\t\t\t\t\t\t\t\t\t\t<ul class=\"c-card__tags l-stack-grow u-list-none u-pt-md\" aria-label=\"Kategorier\">\n\t\t\t\t\t\t\t\t\t\t\t\t\t\t\t\t\t<li><span class=\"c-tag\" data-variant=\"outline\">Clinics<\/span><\/li>\n\t\t\t\t\t\t\t\t\t\t\t\t\t\t\t<\/ul>\n\t\t\t\t\t\t\n\t\t\t\t\t\t<div class=\"c-card__icon\">\n\t\t\t\t\t\t\t\t\t\t\t\t\t\t<svg class=\"ams-icon ams-icon--arrow-right\" width=\"32\" height=\"32\" viewbox=\"0 0 32 32\" fill=\"currentColor\" aria-hidden=\"true\" xmlns=\"http:\/\/www.w3.org\/2000\/svg\">\n\t\t\t\t\t\t\t\t\t\t\t\t\t\t\t\t<path d=\"M15.4617 0.252159L14.9567 0.75931C14.6219 1.09545 14.6219 1.64048 14.9567 1.97669L27.7062 14.7806H0.857144C0.383786 14.7806 0 15.166 0 15.6414V16.3587C0 16.8341 0.383786 17.2195 0.857144 17.2195H27.7062L14.9567 30.0234C14.6219 30.3595 14.6219 30.9045 14.9567 31.2407L15.4617 31.7479C15.7964 32.084 16.3392 32.084 16.6739 31.7479L31.749 16.6087C32.0837 16.2725 32.0837 15.7275 31.749 15.3913L16.6739 0.252159C16.3392 -0.084053 15.7964 -0.084053 15.4617 0.252159Z\"\/>\n\t\t\t\t\t\t\t\n\t\t\t\t\t\t\t<\/svg>\n\t\t\t\t\t\t<\/div>\n\t\t\t\t\t<\/div>\n\n\t\t\t\t\t<div class=\"c-card__media \" style=\" \">\n\t\t\t\t\t\t<img decoding=\"async\" width=\"400\" height=\"265\" src=\"https:\/\/rytmus.se\/wp-content\/uploads\/2022\/11\/meadows-400x265.jpeg\" class=\"attachment-sm size-sm\" alt=\"Meadows spelar gitarr p\u00e5 en scen under en Clinic p\u00e5 Rytmus \u00d6rebro.\" sizes=\"(min-width: 64em) 300px, (min-width: 48em) calc(.50 * (100vw - 224px)), calc(100vw - 160px)\" srcset=\"https:\/\/rytmus.se\/wp-content\/uploads\/2022\/11\/meadows-400x265.jpeg 400w, https:\/\/rytmus.se\/wp-content\/uploads\/2022\/11\/meadows-300x199.jpeg 300w, https:\/\/rytmus.se\/wp-content\/uploads\/2022\/11\/meadows-600x398.jpeg 600w, https:\/\/rytmus.se\/wp-content\/uploads\/2022\/11\/meadows-800x531.jpeg 800w, https:\/\/rytmus.se\/wp-content\/uploads\/2022\/11\/meadows-1024x680.jpeg 1024w, https:\/\/rytmus.se\/wp-content\/uploads\/2022\/11\/meadows-1200x796.jpeg 1200w\" \/>\n\t\t\t\t\t<\/div>\n\t\t\t\t<\/article>\n\t\t\t<\/li>\n\t\t\t\t\t\t\t\t\t\t\t\t\t\t\t\t\t\n\t\t\t\n\t\t\t\n\t\t\t<li class=\"l-col-6@md l-col-4@lg \" data-filter=\"clinics november-2022\">\n\t\t\t\t<article class=\"c-card  has-media-zoom  \" data-variant=\"border\" data-style=\"square\" data-click-area>\n\t\t\t\t\t<div class=\"c-card__content l-stack l-stack-sm\">\n\n\t\t\t\t\t\t\t\t\t\t\t\t\t<time class=\"c-card__date u-font-small\" datetime=\"2022-11-16\">16 november 2022<\/time>\n\t\t\t\t\t\t\n\t\t\t\t\t\t\t\t\t\t\t\t\t<h3 class=\"c-card__title u-font-title-3\">\n\t\t\t\t\t\t\t\t\t\t\t\t\t\t\t\t\t<a class=\"c-card__link\" href=\"https:\/\/rytmus.se\/orebro\/artikel\/lokal\/clinic-med-dirty-loops\">\n\t\t\t\t\t\t\t\t\t\tClinic med Dirty Loops\n\t\t\t\t\t\t\t\t\t<\/a>\n\t\t\t\t\t\t\t\t\t\t\t\t\t\t\t<\/h3>\n\t\t\t\t\t\t\n\t\t\t\t\t\t\t\t\t\t\t\t\t<p class=\"c-card__text l-stack-xs u-font-body\">\n\t\t\t\t\t\t\t\tDen 2 September hade vi bes\u00f6k av Dirty L&#8230;\n\t\t\t\t\t\t\t<\/p>\n\t\t\t\t\t\t\n\t\t\t\t\t\t\t\t\t\t\t\t\t<ul class=\"c-card__tags l-stack-grow u-list-none u-pt-md\" aria-label=\"Kategorier\">\n\t\t\t\t\t\t\t\t\t\t\t\t\t\t\t\t\t<li><span class=\"c-tag\" data-variant=\"outline\">Clinics<\/span><\/li>\n\t\t\t\t\t\t\t\t\t\t\t\t\t\t\t<\/ul>\n\t\t\t\t\t\t\n\t\t\t\t\t\t<div class=\"c-card__icon\">\n\t\t\t\t\t\t\t\t\t\t\t\t\t\t<svg class=\"ams-icon ams-icon--arrow-right\" width=\"32\" height=\"32\" viewbox=\"0 0 32 32\" fill=\"currentColor\" aria-hidden=\"true\" xmlns=\"http:\/\/www.w3.org\/2000\/svg\">\n\t\t\t\t\t\t\t\t\t\t\t\t\t\t\t\t<path d=\"M15.4617 0.252159L14.9567 0.75931C14.6219 1.09545 14.6219 1.64048 14.9567 1.97669L27.7062 14.7806H0.857144C0.383786 14.7806 0 15.166 0 15.6414V16.3587C0 16.8341 0.383786 17.2195 0.857144 17.2195H27.7062L14.9567 30.0234C14.6219 30.3595 14.6219 30.9045 14.9567 31.2407L15.4617 31.7479C15.7964 32.084 16.3392 32.084 16.6739 31.7479L31.749 16.6087C32.0837 16.2725 32.0837 15.7275 31.749 15.3913L16.6739 0.252159C16.3392 -0.084053 15.7964 -0.084053 15.4617 0.252159Z\"\/>\n\t\t\t\t\t\t\t\n\t\t\t\t\t\t\t<\/svg>\n\t\t\t\t\t\t<\/div>\n\t\t\t\t\t<\/div>\n\n\t\t\t\t\t<div class=\"c-card__media \" style=\" \">\n\t\t\t\t\t\t<img decoding=\"async\" width=\"400\" height=\"267\" src=\"https:\/\/rytmus.se\/wp-content\/uploads\/2022\/11\/dirty-loops-1-400x267.jpeg\" class=\"attachment-sm size-sm\" alt=\"Bandet Dirty Loops poserar tillsammans framf\u00f6r en scen under en Clinic p\u00e5 Rytmus.\" sizes=\"(min-width: 64em) 300px, (min-width: 48em) calc(.50 * (100vw - 224px)), calc(100vw - 160px)\" srcset=\"https:\/\/rytmus.se\/wp-content\/uploads\/2022\/11\/dirty-loops-1-400x267.jpeg 400w, https:\/\/rytmus.se\/wp-content\/uploads\/2022\/11\/dirty-loops-1-300x200.jpeg 300w, https:\/\/rytmus.se\/wp-content\/uploads\/2022\/11\/dirty-loops-1-600x400.jpeg 600w, https:\/\/rytmus.se\/wp-content\/uploads\/2022\/11\/dirty-loops-1-800x533.jpeg 800w, https:\/\/rytmus.se\/wp-content\/uploads\/2022\/11\/dirty-loops-1-1024x683.jpeg 1024w, https:\/\/rytmus.se\/wp-content\/uploads\/2022\/11\/dirty-loops-1.jpeg 1200w\" \/>\n\t\t\t\t\t<\/div>\n\t\t\t\t<\/article>\n\t\t\t<\/li>\n\t\t\t\t\t\t\t\t\t\t\t\t\t\t\t\t\t\n\t\t\t\n\t\t\t\n\t\t\t<li class=\"l-col-6@md l-col-4@lg \" data-filter=\"clinics november-2022\">\n\t\t\t\t<article class=\"c-card  has-media-zoom  \" data-variant=\"border\" data-style=\"square\" data-click-area>\n\t\t\t\t\t<div class=\"c-card__content l-stack l-stack-sm\">\n\n\t\t\t\t\t\t\t\t\t\t\t\t\t<time class=\"c-card__date u-font-small\" datetime=\"2022-11-16\">16 november 2022<\/time>\n\t\t\t\t\t\t\n\t\t\t\t\t\t\t\t\t\t\t\t\t<h3 class=\"c-card__title u-font-title-3\">\n\t\t\t\t\t\t\t\t\t\t\t\t\t\t\t\t\t<a class=\"c-card__link\" href=\"https:\/\/rytmus.se\/orebro\/artikel\/lokal\/clinic-med-ludwig-hart-michaela-holmberg\">\n\t\t\t\t\t\t\t\t\t\tClinic med Ludwig Hart &amp; Michaela Holmberg\n\t\t\t\t\t\t\t\t\t<\/a>\n\t\t\t\t\t\t\t\t\t\t\t\t\t\t\t<\/h3>\n\t\t\t\t\t\t\n\t\t\t\t\t\t\t\t\t\t\t\t\t<p class=\"c-card__text l-stack-xs u-font-body\">\n\t\t\t\t\t\t\t\t Ludwig Hart och hans duettpartner s\u00e5nge&#8230;\n\t\t\t\t\t\t\t<\/p>\n\t\t\t\t\t\t\n\t\t\t\t\t\t\t\t\t\t\t\t\t<ul class=\"c-card__tags l-stack-grow u-list-none u-pt-md\" aria-label=\"Kategorier\">\n\t\t\t\t\t\t\t\t\t\t\t\t\t\t\t\t\t<li><span class=\"c-tag\" data-variant=\"outline\">Clinics<\/span><\/li>\n\t\t\t\t\t\t\t\t\t\t\t\t\t\t\t<\/ul>\n\t\t\t\t\t\t\n\t\t\t\t\t\t<div class=\"c-card__icon\">\n\t\t\t\t\t\t\t\t\t\t\t\t\t\t<svg class=\"ams-icon ams-icon--arrow-right\" width=\"32\" height=\"32\" viewbox=\"0 0 32 32\" fill=\"currentColor\" aria-hidden=\"true\" xmlns=\"http:\/\/www.w3.org\/2000\/svg\">\n\t\t\t\t\t\t\t\t\t\t\t\t\t\t\t\t<path d=\"M15.4617 0.252159L14.9567 0.75931C14.6219 1.09545 14.6219 1.64048 14.9567 1.97669L27.7062 14.7806H0.857144C0.383786 14.7806 0 15.166 0 15.6414V16.3587C0 16.8341 0.383786 17.2195 0.857144 17.2195H27.7062L14.9567 30.0234C14.6219 30.3595 14.6219 30.9045 14.9567 31.2407L15.4617 31.7479C15.7964 32.084 16.3392 32.084 16.6739 31.7479L31.749 16.6087C32.0837 16.2725 32.0837 15.7275 31.749 15.3913L16.6739 0.252159C16.3392 -0.084053 15.7964 -0.084053 15.4617 0.252159Z\"\/>\n\t\t\t\t\t\t\t\n\t\t\t\t\t\t\t<\/svg>\n\t\t\t\t\t\t<\/div>\n\t\t\t\t\t<\/div>\n\n\t\t\t\t\t<div class=\"c-card__media \" style=\" \">\n\t\t\t\t\t\t<img decoding=\"async\" width=\"400\" height=\"400\" src=\"https:\/\/rytmus.se\/wp-content\/uploads\/2022\/11\/ludwig-hart-400x400.jpeg\" class=\"attachment-sm size-sm\" alt=\"Ludwig Hart poserar med en elgitarr under en Clinic p\u00e5 Rytmus \u00d6rebro.\" sizes=\"(min-width: 64em) 300px, (min-width: 48em) calc(.50 * (100vw - 224px)), calc(100vw - 160px)\" srcset=\"https:\/\/rytmus.se\/wp-content\/uploads\/2022\/11\/ludwig-hart-400x400.jpeg 400w, https:\/\/rytmus.se\/wp-content\/uploads\/2022\/11\/ludwig-hart-150x150.jpeg 150w, https:\/\/rytmus.se\/wp-content\/uploads\/2022\/11\/ludwig-hart-300x300.jpeg 300w, https:\/\/rytmus.se\/wp-content\/uploads\/2022\/11\/ludwig-hart-600x600.jpeg 600w, https:\/\/rytmus.se\/wp-content\/uploads\/2022\/11\/ludwig-hart-800x800.jpeg 800w, https:\/\/rytmus.se\/wp-content\/uploads\/2022\/11\/ludwig-hart-1024x1024.jpeg 1024w, https:\/\/rytmus.se\/wp-content\/uploads\/2022\/11\/ludwig-hart-1200x1200.jpeg 1200w, https:\/\/rytmus.se\/wp-content\/uploads\/2022\/11\/ludwig-hart.jpeg 1365w\" \/>\n\t\t\t\t\t<\/div>\n\t\t\t\t<\/article>\n\t\t\t<\/li>\n\t\t\t\t\t\t\t\t\t\t\t\t\t\t\t\t\t\n\t\t\t\n\t\t\t\n\t\t\t<li class=\"l-col-6@md l-col-4@lg \" data-filter=\"alumni september-2022\">\n\t\t\t\t<article class=\"c-card  has-media-zoom  \" data-variant=\"border\" data-style=\"square\" data-click-area>\n\t\t\t\t\t<div class=\"c-card__content l-stack l-stack-sm\">\n\n\t\t\t\t\t\t\t\t\t\t\t\t\t<time class=\"c-card__date u-font-small\" datetime=\"2022-09-14\">14 september 2022<\/time>\n\t\t\t\t\t\t\n\t\t\t\t\t\t\t\t\t\t\t\t\t<h3 class=\"c-card__title u-font-title-3\">\n\t\t\t\t\t\t\t\t\t\t\t\t\t\t\t\t\t<a class=\"c-card__link\" href=\"https:\/\/rytmus.se\/orebro\/artikel\/lokal\/clinic-x\">\n\t\t\t\t\t\t\t\t\t\t\u201d\u00c4lskade min tid p\u00e5 Rytmus\u201d\n\t\t\t\t\t\t\t\t\t<\/a>\n\t\t\t\t\t\t\t\t\t\t\t\t\t\t\t<\/h3>\n\t\t\t\t\t\t\n\t\t\t\t\t\t\t\t\t\t\t\t\t<p class=\"c-card__text l-stack-xs u-font-body\">\n\t\t\t\t\t\t\t\t CORNELIA JAKOBS | INTERVJU | RYTMUS ALU&#8230;\n\t\t\t\t\t\t\t<\/p>\n\t\t\t\t\t\t\n\t\t\t\t\t\t\t\t\t\t\t\t\t<ul class=\"c-card__tags l-stack-grow u-list-none u-pt-md\" aria-label=\"Kategorier\">\n\t\t\t\t\t\t\t\t\t\t\t\t\t\t\t\t\t<li><span class=\"c-tag\" data-variant=\"outline\">Rytmus alumni<\/span><\/li>\n\t\t\t\t\t\t\t\t\t\t\t\t\t\t\t<\/ul>\n\t\t\t\t\t\t\n\t\t\t\t\t\t<div class=\"c-card__icon\">\n\t\t\t\t\t\t\t\t\t\t\t\t\t\t<svg class=\"ams-icon ams-icon--arrow-right\" width=\"32\" height=\"32\" viewbox=\"0 0 32 32\" fill=\"currentColor\" aria-hidden=\"true\" xmlns=\"http:\/\/www.w3.org\/2000\/svg\">\n\t\t\t\t\t\t\t\t\t\t\t\t\t\t\t\t<path d=\"M15.4617 0.252159L14.9567 0.75931C14.6219 1.09545 14.6219 1.64048 14.9567 1.97669L27.7062 14.7806H0.857144C0.383786 14.7806 0 15.166 0 15.6414V16.3587C0 16.8341 0.383786 17.2195 0.857144 17.2195H27.7062L14.9567 30.0234C14.6219 30.3595 14.6219 30.9045 14.9567 31.2407L15.4617 31.7479C15.7964 32.084 16.3392 32.084 16.6739 31.7479L31.749 16.6087C32.0837 16.2725 32.0837 15.7275 31.749 15.3913L16.6739 0.252159C16.3392 -0.084053 15.7964 -0.084053 15.4617 0.252159Z\"\/>\n\t\t\t\t\t\t\t\n\t\t\t\t\t\t\t<\/svg>\n\t\t\t\t\t\t<\/div>\n\t\t\t\t\t<\/div>\n\n\t\t\t\t\t<div class=\"c-card__media \" style=\" \">\n\t\t\t\t\t\t<img decoding=\"async\" width=\"400\" height=\"402\" src=\"https:\/\/rytmus.se\/wp-content\/uploads\/2022\/09\/corneliajakobs-683x1024-1-e1665066408242-400x402.jpeg\" class=\"attachment-sm size-sm\" alt=\"F\u00f6re detta rytmuseleven Cornelia Jacobs blir fotograferad i en gr\u00f6n studio.\" sizes=\"(min-width: 64em) 300px, (min-width: 48em) calc(.50 * (100vw - 224px)), calc(100vw - 160px)\" srcset=\"https:\/\/rytmus.se\/wp-content\/uploads\/2022\/09\/corneliajakobs-683x1024-1-e1665066408242-400x402.jpeg 400w, https:\/\/rytmus.se\/wp-content\/uploads\/2022\/09\/corneliajakobs-683x1024-1-e1665066408242-150x150.jpeg 150w, https:\/\/rytmus.se\/wp-content\/uploads\/2022\/09\/corneliajakobs-683x1024-1-e1665066408242-300x301.jpeg 300w, https:\/\/rytmus.se\/wp-content\/uploads\/2022\/09\/corneliajakobs-683x1024-1-e1665066408242-600x603.jpeg 600w, https:\/\/rytmus.se\/wp-content\/uploads\/2022\/09\/corneliajakobs-683x1024-1-e1665066408242.jpeg 683w\" \/>\n\t\t\t\t\t<\/div>\n\t\t\t\t<\/article>\n\t\t\t<\/li>\n\t\t\t<\/ul>\n\n\t<div class=\"no-results u-mt-0 u-hide\" data-filter-fallback-id=\"ams-article-list-69f33a2501420\">\n\t<p>Det finns inga resultat som matchar din filtrering.<\/p>\n<\/div>\n\n\t\n\n\t\t\n\t\t\t<\/div>\n\n\t\t\n\n<\/section>\n","protected":false},"template":"","article_category":[16],"yoast_head":"<!-- This site is optimized with the Yoast SEO plugin v22.0 - https:\/\/yoast.com\/wordpress\/plugins\/seo\/ -->\n<title>Fr\u00e5n Rytmus till sk\u00e5despelerska i NY<\/title>\n<meta name=\"description\" content=\"Agnes tog studenten fr\u00e5n Rytmus \u00d6rebro 2015 d\u00e4r hon l\u00e4ste Instrument\/S\u00e5ng. Idag bor hon i New York och musiken finns fortfarande kvar...\" \/>\n<meta name=\"robots\" content=\"index, follow, max-snippet:-1, max-image-preview:large, max-video-preview:-1\" \/>\n<link rel=\"canonical\" href=\"https:\/\/rytmus.se\/orebro\/clinics-och-nyheter\/alumni-agnes\/\" \/>\n<meta property=\"og:locale\" content=\"sv_SE\" \/>\n<meta property=\"og:type\" content=\"article\" \/>\n<meta property=\"og:title\" content=\"Fr\u00e5n Rytmus till sk\u00e5despelerska i NY\" \/>\n<meta property=\"og:description\" content=\"Agnes tog studenten fr\u00e5n Rytmus \u00d6rebro 2015 d\u00e4r hon l\u00e4ste Instrument\/S\u00e5ng. Idag bor hon i New York och musiken finns fortfarande kvar...\" \/>\n<meta property=\"og:url\" content=\"https:\/\/rytmus.se\/orebro\/clinics-och-nyheter\/alumni-agnes\/\" \/>\n<meta property=\"og:site_name\" content=\"\u00d6rebro\" \/>\n<meta property=\"article:modified_time\" content=\"2024-01-23T13:05:48+00:00\" \/>\n<meta name=\"twitter:card\" content=\"summary_large_image\" \/>\n<meta name=\"twitter:title\" content=\"Fr\u00e5n Rytmus till sk\u00e5despelerska i NY\" \/>\n<meta name=\"twitter:description\" content=\"Agnes tog studenten fr\u00e5n Rytmus \u00d6rebro 2015 d\u00e4r hon l\u00e4ste Instrument\/S\u00e5ng. Idag bor hon i New York och musiken finns fortfarande kvar...\" \/>\n<meta name=\"twitter:image\" content=\"https:\/\/rytmus.se\/wp-content\/uploads\/sites\/6\/2023\/01\/1201949440999341o9v5hpgdfz05gmdtpqzxheight640.png\" \/>\n<meta name=\"twitter:label1\" content=\"Ber\u00e4knad l\u00e4stid\" \/>\n\t<meta name=\"twitter:data1\" content=\"2 minuter\" \/>\n<script type=\"application\/ld+json\" class=\"yoast-schema-graph\">{\"@context\":\"https:\/\/schema.org\",\"@graph\":[{\"@type\":\"WebPage\",\"@id\":\"https:\/\/rytmus.se\/orebro\/clinics-och-nyheter\/alumni-agnes\/\",\"url\":\"https:\/\/rytmus.se\/orebro\/clinics-och-nyheter\/alumni-agnes\/\",\"name\":\"Fr\u00e5n Rytmus till sk\u00e5despelerska i NY\",\"isPartOf\":{\"@id\":\"https:\/\/rytmus.se\/orebro\/#website\"},\"datePublished\":\"2023-01-12T09:28:13+00:00\",\"dateModified\":\"2024-01-23T13:05:48+00:00\",\"description\":\"Agnes tog studenten fr\u00e5n Rytmus \u00d6rebro 2015 d\u00e4r hon l\u00e4ste Instrument\/S\u00e5ng. Idag bor hon i New York och musiken finns fortfarande kvar...\",\"breadcrumb\":{\"@id\":\"https:\/\/rytmus.se\/orebro\/clinics-och-nyheter\/alumni-agnes\/#breadcrumb\"},\"inLanguage\":\"sv-SE\",\"potentialAction\":[{\"@type\":\"ReadAction\",\"target\":[\"https:\/\/rytmus.se\/orebro\/clinics-och-nyheter\/alumni-agnes\/\"]}]},{\"@type\":\"BreadcrumbList\",\"@id\":\"https:\/\/rytmus.se\/orebro\/clinics-och-nyheter\/alumni-agnes\/#breadcrumb\",\"itemListElement\":[{\"@type\":\"ListItem\",\"position\":1,\"name\":\"Start\",\"item\":\"https:\/\/rytmus.se\/orebro\"},{\"@type\":\"ListItem\",\"position\":2,\"name\":\"Clinics och nyheter\"}]},{\"@type\":\"WebSite\",\"@id\":\"https:\/\/rytmus.se\/orebro\/#website\",\"url\":\"https:\/\/rytmus.se\/orebro\/\",\"name\":\"\u00d6rebro\",\"description\":\"MAKE | MUSIC | LIVE\",\"potentialAction\":[{\"@type\":\"SearchAction\",\"target\":{\"@type\":\"EntryPoint\",\"urlTemplate\":\"https:\/\/rytmus.se\/orebro\/?s={search_term_string}\"},\"query-input\":\"required name=search_term_string\"}],\"inLanguage\":\"sv-SE\"}]}<\/script>\n<!-- \/ Yoast SEO plugin. -->","yoast_head_json":{"title":"Fr\u00e5n Rytmus till sk\u00e5despelerska i NY","description":"Agnes tog studenten fr\u00e5n Rytmus \u00d6rebro 2015 d\u00e4r hon l\u00e4ste Instrument\/S\u00e5ng. Idag bor hon i New York och musiken finns fortfarande kvar...","robots":{"index":"index","follow":"follow","max-snippet":"max-snippet:-1","max-image-preview":"max-image-preview:large","max-video-preview":"max-video-preview:-1"},"canonical":"https:\/\/rytmus.se\/orebro\/clinics-och-nyheter\/alumni-agnes\/","og_locale":"sv_SE","og_type":"article","og_title":"Fr\u00e5n Rytmus till sk\u00e5despelerska i NY","og_description":"Agnes tog studenten fr\u00e5n Rytmus \u00d6rebro 2015 d\u00e4r hon l\u00e4ste Instrument\/S\u00e5ng. Idag bor hon i New York och musiken finns fortfarande kvar...","og_url":"https:\/\/rytmus.se\/orebro\/clinics-och-nyheter\/alumni-agnes\/","og_site_name":"\u00d6rebro","article_modified_time":"2024-01-23T13:05:48+00:00","twitter_card":"summary_large_image","twitter_title":"Fr\u00e5n Rytmus till sk\u00e5despelerska i NY","twitter_description":"Agnes tog studenten fr\u00e5n Rytmus \u00d6rebro 2015 d\u00e4r hon l\u00e4ste Instrument\/S\u00e5ng. Idag bor hon i New York och musiken finns fortfarande kvar...","twitter_image":"https:\/\/rytmus.se\/wp-content\/uploads\/sites\/6\/2023\/01\/1201949440999341o9v5hpgdfz05gmdtpqzxheight640.png","twitter_misc":{"Ber\u00e4knad l\u00e4stid":"2 minuter"},"schema":{"@context":"https:\/\/schema.org","@graph":[{"@type":"WebPage","@id":"https:\/\/rytmus.se\/orebro\/clinics-och-nyheter\/alumni-agnes\/","url":"https:\/\/rytmus.se\/orebro\/clinics-och-nyheter\/alumni-agnes\/","name":"Fr\u00e5n Rytmus till sk\u00e5despelerska i NY","isPartOf":{"@id":"https:\/\/rytmus.se\/orebro\/#website"},"datePublished":"2023-01-12T09:28:13+00:00","dateModified":"2024-01-23T13:05:48+00:00","description":"Agnes tog studenten fr\u00e5n Rytmus \u00d6rebro 2015 d\u00e4r hon l\u00e4ste Instrument\/S\u00e5ng. Idag bor hon i New York och musiken finns fortfarande kvar...","breadcrumb":{"@id":"https:\/\/rytmus.se\/orebro\/clinics-och-nyheter\/alumni-agnes\/#breadcrumb"},"inLanguage":"sv-SE","potentialAction":[{"@type":"ReadAction","target":["https:\/\/rytmus.se\/orebro\/clinics-och-nyheter\/alumni-agnes\/"]}]},{"@type":"BreadcrumbList","@id":"https:\/\/rytmus.se\/orebro\/clinics-och-nyheter\/alumni-agnes\/#breadcrumb","itemListElement":[{"@type":"ListItem","position":1,"name":"Start","item":"https:\/\/rytmus.se\/orebro"},{"@type":"ListItem","position":2,"name":"Clinics och nyheter"}]},{"@type":"WebSite","@id":"https:\/\/rytmus.se\/orebro\/#website","url":"https:\/\/rytmus.se\/orebro\/","name":"\u00d6rebro","description":"MAKE | MUSIC | LIVE","potentialAction":[{"@type":"SearchAction","target":{"@type":"EntryPoint","urlTemplate":"https:\/\/rytmus.se\/orebro\/?s={search_term_string}"},"query-input":"required name=search_term_string"}],"inLanguage":"sv-SE"}]}},"_links":{"self":[{"href":"https:\/\/rytmus.se\/orebro\/wp-json\/wp\/v2\/article\/1241"}],"collection":[{"href":"https:\/\/rytmus.se\/orebro\/wp-json\/wp\/v2\/article"}],"about":[{"href":"https:\/\/rytmus.se\/orebro\/wp-json\/wp\/v2\/types\/article"}],"wp:attachment":[{"href":"https:\/\/rytmus.se\/orebro\/wp-json\/wp\/v2\/media?parent=1241"}],"wp:term":[{"taxonomy":"article_category","embeddable":true,"href":"https:\/\/rytmus.se\/orebro\/wp-json\/wp\/v2\/article_category?post=1241"}],"curies":[{"name":"wp","href":"https:\/\/api.w.org\/{rel}","templated":true}]}}