{"id":2004,"date":"2024-04-17T16:13:52","date_gmt":"2024-04-17T14:13:52","guid":{"rendered":"https:\/\/rytmus.se\/goteborg\/?post_type=article&#038;p=2004"},"modified":"2026-01-23T15:11:46","modified_gmt":"2026-01-23T14:11:46","slug":"valborgskonsert-2024","status":"publish","type":"article","link":"https:\/\/rytmus.se\/goteborg\/clinics-och-nyheter\/valborgskonsert-2024\/","title":{"rendered":"Valborgskonsert 2024"},"content":{"rendered":"\n<h1 class=\"wp-block-heading\">Valborgskonsert 2024<\/h1>\n\n\n\n<div class=\"wp-block-columns is-layout-flex wp-container-core-columns-layout-1 wp-block-columns-is-layout-flex\">\n<div class=\"wp-block-column is-layout-flow wp-block-column-is-layout-flow\">\n\t<style>\n\t\t.inner {\n\n\t\t\tmargin: 0 auto;\n\n\n\t\t}\n\t<\/style>\n\t<div\n\t\t class=\"container images-module\" >\n\t\t<div class=\"row images_module__slideshow\">\n\n\t\t\t<div\n\t\t\t\t\tclass=\"col-md-12 p-0 position-relative images_module__slideshow images_module__slideshow-container  \">\n\t\t\t\t<div class=\"images_module__slide\" data-slide=\"\"\n\t\t\t\t\t data-duration=\"\"><\/div>\n\t\t\t\t\t\t\t\t\t<div\n\t\t\t\t\t\t class=\"images_module__slides\n\n\t\t\t\t\t   \"\n\t\t\t\t\t>\n\n\t\t\t\t\t\t<div class=\"images__wrapper\" style=\"aspect-ratio: 851 \/ 851;\">\n\t\t\t\t\t\t\t<img decoding=\"async\" width=\"2560\" height=\"1440\" src=\"https:\/\/rytmus.se\/wp-content\/uploads\/sites\/5\/2024\/04\/rytvokalmusiker-vocal-group0092-scaled.jpg\" class=\"images__image_ratio  \" alt=\"Elever fr\u00e5n Rytmus upptr\u00e4der p\u00e5 scen\" style=\"aspect-ratio: 851 \/ 851;object-position: center center;\" srcset=\"https:\/\/rytmus.se\/wp-content\/uploads\/sites\/5\/2024\/04\/rytvokalmusiker-vocal-group0092-scaled.jpg 2560w, https:\/\/rytmus.se\/wp-content\/uploads\/sites\/5\/2024\/04\/rytvokalmusiker-vocal-group0092-300x169.jpg 300w, https:\/\/rytmus.se\/wp-content\/uploads\/sites\/5\/2024\/04\/rytvokalmusiker-vocal-group0092-400x225.jpg 400w, https:\/\/rytmus.se\/wp-content\/uploads\/sites\/5\/2024\/04\/rytvokalmusiker-vocal-group0092-600x338.jpg 600w, https:\/\/rytmus.se\/wp-content\/uploads\/sites\/5\/2024\/04\/rytvokalmusiker-vocal-group0092-800x450.jpg 800w, https:\/\/rytmus.se\/wp-content\/uploads\/sites\/5\/2024\/04\/rytvokalmusiker-vocal-group0092-1024x576.jpg 1024w, https:\/\/rytmus.se\/wp-content\/uploads\/sites\/5\/2024\/04\/rytvokalmusiker-vocal-group0092-1200x675.jpg 1200w, https:\/\/rytmus.se\/wp-content\/uploads\/sites\/5\/2024\/04\/rytvokalmusiker-vocal-group0092-1920x1080.jpg 1920w\" sizes=\"(max-width: 2560px) 100vw, 2560px\" \/>\t\t\t\t\t\t<\/div>\n\t\t\t\t\t\t\n\n\t\t\t\t\t\t\t\t\t\t\t<\/div>\n\t\t\t\t\n\t\t\t\t<div class=\"images_module__container_dot\">\n\t\t\t\t\t<div style=\"text-align:center\">\n\n\n\t\t\t\t\t\t\t\t\t\t\t\t\t<span   data-i=\"0\"\n\t\t\t\t\t\t\t\t  class=\"\n\t\t\t\t\t\t\timages_module__dot\n\t\t\t\t\t\t\t\t\t\t\t\t\t\t\"\n\t\t\t\t\t\t\t><\/span>\n\t\t\t\t\t\t\t\t\t\t\t<\/div>\n\t\t\t\t<\/div>\n\n\n\t\t\t<\/div>\n\t\t<\/div>\n\t<\/div>\n\n\t\n\n\n<script>\n\tvar images_display_descriptive_text = \"\";\n<\/script>\n<\/div>\n\n\n\n<div class=\"wp-block-column is-layout-flow wp-block-column-is-layout-flow\">\n<p><strong>Fira in v\u00e5ren tillsammans med oss den 30 april kl 12:00 p\u00e5 Gustaf Adolfs Torg! Vi st\u00e5r f\u00f6r musikalisk underh\u00e5llningen och traditioner som v\u00e5rtal, v\u00e5rs\u00e5nger och m\u00f6ssp\u00e5tagning st\u00e5r i fokus. F\u00f6rra \u00e5ret bj\u00f6d evenemanget p\u00e5 str\u00e5lande v\u00e4der och h\u00e4rlig st\u00e4mning f\u00f6r m\u00e4ngder av bes\u00f6kare.<\/strong><\/p>\n\n\n\n<p>&nbsp;\u2013 Vi \u00e4r stolta och glada att vi fr\u00e5n Rytmus \u00e5terigen f\u00e5r m\u00f6jligheten att sjunga in v\u00e5ren i v\u00e5r vackra stad tillsammans med v\u00e5r elevk\u00f6r p\u00e5 250 s\u00e5ngare, s\u00e4ger k\u00f6rl\u00e4raren Michael Jeff Johnson.&nbsp;<\/p>\n\n\n\n<p>F\u00f6rra \u00e5ret lockade evenemanget m\u00e4ngder av bes\u00f6kare till det anrika torget som d\u00e5 bj\u00f6d p\u00e5 str\u00e5lande v\u00e4der och h\u00e4rlig st\u00e4mning. Evenemanget \u00e4r ett samarrangemang mellan G\u00f6teborg &amp; Co, Innerstaden och Rytmus Musikgymnasium i G\u00f6teborg.<\/p>\n\n\n\n<p>\u2013Musikaliskt kommer vi att bjuda p\u00e5 de klassiska v\u00e5rs\u00e5ngerna \u201dVintern rasat\u2026\u201d,&nbsp; &#8221;Sk\u00f6na maj v\u00e4lkommen\u201d och &#8221;O hur h\u00e4rligt majsol ler\u201d samt flera nyare s\u00e5nger och arrangemang. Det kommer \u00e4ven bli m\u00f6ssp\u00e5tagning och v\u00e5rtal, ber\u00e4ttar Michael.<\/p>\n\n\n\n<p><br>Evenemanget \u00e4r helt kostnadsfritt och tillg\u00e4ngligt f\u00f6r alla som vill komma.<\/p>\n<\/div>\n<\/div>\n\n\n\n\n<section  class=\"ams-cta ams-cta--stacked c-block l-stacked\" data-color-scheme=\"rod\">\n\t<div class=\"l-container l-stack l-stack-fluid-2xl u-pt-fluid-2xl-4xl u-pb-fluid-2xl-4xl is-center is-center@md\">\n\t\t\t\t\t<div class=\"ams-cta__intro l-stack l-stack-lg\">\n\t\t\t\t\t\n\t<h2\n\tclass=\"c-heading u-font-title-1 \"\n\tstyle=\"\">\n\t\t\n\t\t\t\t\t30 APRIL 12:00 GUSTAF ADOLFS TORG\n\t\t\t\t\n\t<\/h2>\n\n\t\t\t\t\t\t\t<\/div>\n\t\t\n\t\t\n\t\t\t<\/div>\n\n\t\t\n\n<\/section>\n\n\n\n<div style=\"height:55px\" aria-hidden=\"true\" class=\"wp-block-spacer\"><\/div>\n","protected":false},"template":"","article_category":[6],"yoast_head":"<!-- This site is optimized with the Yoast SEO plugin v22.0 - https:\/\/yoast.com\/wordpress\/plugins\/seo\/ -->\n<title>G\u00f6teborg<\/title>\n<meta name=\"description\" content=\"Fira in v\u00e5ren p\u00e5 Gustaf Adolfs Torg den 30 april kl. 12.00 med v\u00e5rs\u00e5nger, v\u00e5rtal och m\u00f6ssp\u00e5tagning tillsammans med Rytmus elevk\u00f6r.\" \/>\n<meta name=\"robots\" content=\"index, follow, max-snippet:-1, max-image-preview:large, max-video-preview:-1\" \/>\n<link rel=\"canonical\" href=\"https:\/\/rytmus.se\/goteborg\/clinics-och-nyheter\/valborgskonsert-2024\/\" \/>\n<meta property=\"og:locale\" content=\"sv_SE\" \/>\n<meta property=\"og:type\" content=\"article\" \/>\n<meta property=\"og:description\" content=\"Fira in v\u00e5ren p\u00e5 Gustaf Adolfs Torg den 30 april kl. 12.00 med v\u00e5rs\u00e5nger, v\u00e5rtal och m\u00f6ssp\u00e5tagning tillsammans med Rytmus elevk\u00f6r.\" \/>\n<meta property=\"og:url\" content=\"https:\/\/rytmus.se\/goteborg\/clinics-och-nyheter\/valborgskonsert-2024\/\" \/>\n<meta property=\"og:site_name\" content=\"G\u00f6teborg\" \/>\n<meta property=\"article:modified_time\" content=\"2026-01-23T14:11:46+00:00\" \/>\n<meta name=\"twitter:card\" content=\"summary_large_image\" \/>\n<meta name=\"twitter:description\" content=\"Fira in v\u00e5ren p\u00e5 Gustaf Adolfs Torg den 30 april kl. 12.00 med v\u00e5rs\u00e5nger, v\u00e5rtal och m\u00f6ssp\u00e5tagning tillsammans med Rytmus elevk\u00f6r.\" \/>\n<meta name=\"twitter:label1\" content=\"Ber\u00e4knad l\u00e4stid\" \/>\n\t<meta name=\"twitter:data1\" content=\"2 minuter\" \/>\n<script type=\"application\/ld+json\" class=\"yoast-schema-graph\">{\"@context\":\"https:\/\/schema.org\",\"@graph\":[{\"@type\":\"WebPage\",\"@id\":\"https:\/\/rytmus.se\/goteborg\/clinics-och-nyheter\/valborgskonsert-2024\/\",\"url\":\"https:\/\/rytmus.se\/goteborg\/clinics-och-nyheter\/valborgskonsert-2024\/\",\"name\":\"Valborgskonsert 2024 - G\u00f6teborg\",\"isPartOf\":{\"@id\":\"https:\/\/rytmus.se\/goteborg\/#website\"},\"datePublished\":\"2024-04-17T14:13:52+00:00\",\"dateModified\":\"2026-01-23T14:11:46+00:00\",\"description\":\"Fira in v\u00e5ren p\u00e5 Gustaf Adolfs Torg den 30 april kl. 12.00 med v\u00e5rs\u00e5nger, v\u00e5rtal och m\u00f6ssp\u00e5tagning tillsammans med Rytmus elevk\u00f6r.\",\"breadcrumb\":{\"@id\":\"https:\/\/rytmus.se\/goteborg\/clinics-och-nyheter\/valborgskonsert-2024\/#breadcrumb\"},\"inLanguage\":\"sv-SE\",\"potentialAction\":[{\"@type\":\"ReadAction\",\"target\":[\"https:\/\/rytmus.se\/goteborg\/clinics-och-nyheter\/valborgskonsert-2024\/\"]}]},{\"@type\":\"BreadcrumbList\",\"@id\":\"https:\/\/rytmus.se\/goteborg\/clinics-och-nyheter\/valborgskonsert-2024\/#breadcrumb\",\"itemListElement\":[{\"@type\":\"ListItem\",\"position\":1,\"name\":\"Start\",\"item\":\"https:\/\/rytmus.se\/goteborg\"},{\"@type\":\"ListItem\",\"position\":2,\"name\":\"Clinics och nyheter\"}]},{\"@type\":\"WebSite\",\"@id\":\"https:\/\/rytmus.se\/goteborg\/#website\",\"url\":\"https:\/\/rytmus.se\/goteborg\/\",\"name\":\"G\u00f6teborg\",\"description\":\"MAKE | MUSIC | LIVE\",\"potentialAction\":[{\"@type\":\"SearchAction\",\"target\":{\"@type\":\"EntryPoint\",\"urlTemplate\":\"https:\/\/rytmus.se\/goteborg\/?s={search_term_string}\"},\"query-input\":\"required name=search_term_string\"}],\"inLanguage\":\"sv-SE\"}]}<\/script>\n<!-- \/ Yoast SEO plugin. -->","yoast_head_json":{"title":"G\u00f6teborg","description":"Fira in v\u00e5ren p\u00e5 Gustaf Adolfs Torg den 30 april kl. 12.00 med v\u00e5rs\u00e5nger, v\u00e5rtal och m\u00f6ssp\u00e5tagning tillsammans med Rytmus elevk\u00f6r.","robots":{"index":"index","follow":"follow","max-snippet":"max-snippet:-1","max-image-preview":"max-image-preview:large","max-video-preview":"max-video-preview:-1"},"canonical":"https:\/\/rytmus.se\/goteborg\/clinics-och-nyheter\/valborgskonsert-2024\/","og_locale":"sv_SE","og_type":"article","og_description":"Fira in v\u00e5ren p\u00e5 Gustaf Adolfs Torg den 30 april kl. 12.00 med v\u00e5rs\u00e5nger, v\u00e5rtal och m\u00f6ssp\u00e5tagning tillsammans med Rytmus elevk\u00f6r.","og_url":"https:\/\/rytmus.se\/goteborg\/clinics-och-nyheter\/valborgskonsert-2024\/","og_site_name":"G\u00f6teborg","article_modified_time":"2026-01-23T14:11:46+00:00","twitter_card":"summary_large_image","twitter_description":"Fira in v\u00e5ren p\u00e5 Gustaf Adolfs Torg den 30 april kl. 12.00 med v\u00e5rs\u00e5nger, v\u00e5rtal och m\u00f6ssp\u00e5tagning tillsammans med Rytmus elevk\u00f6r.","twitter_misc":{"Ber\u00e4knad l\u00e4stid":"2 minuter"},"schema":{"@context":"https:\/\/schema.org","@graph":[{"@type":"WebPage","@id":"https:\/\/rytmus.se\/goteborg\/clinics-och-nyheter\/valborgskonsert-2024\/","url":"https:\/\/rytmus.se\/goteborg\/clinics-och-nyheter\/valborgskonsert-2024\/","name":"Valborgskonsert 2024 - G\u00f6teborg","isPartOf":{"@id":"https:\/\/rytmus.se\/goteborg\/#website"},"datePublished":"2024-04-17T14:13:52+00:00","dateModified":"2026-01-23T14:11:46+00:00","description":"Fira in v\u00e5ren p\u00e5 Gustaf Adolfs Torg den 30 april kl. 12.00 med v\u00e5rs\u00e5nger, v\u00e5rtal och m\u00f6ssp\u00e5tagning tillsammans med Rytmus elevk\u00f6r.","breadcrumb":{"@id":"https:\/\/rytmus.se\/goteborg\/clinics-och-nyheter\/valborgskonsert-2024\/#breadcrumb"},"inLanguage":"sv-SE","potentialAction":[{"@type":"ReadAction","target":["https:\/\/rytmus.se\/goteborg\/clinics-och-nyheter\/valborgskonsert-2024\/"]}]},{"@type":"BreadcrumbList","@id":"https:\/\/rytmus.se\/goteborg\/clinics-och-nyheter\/valborgskonsert-2024\/#breadcrumb","itemListElement":[{"@type":"ListItem","position":1,"name":"Start","item":"https:\/\/rytmus.se\/goteborg"},{"@type":"ListItem","position":2,"name":"Clinics och nyheter"}]},{"@type":"WebSite","@id":"https:\/\/rytmus.se\/goteborg\/#website","url":"https:\/\/rytmus.se\/goteborg\/","name":"G\u00f6teborg","description":"MAKE | MUSIC | LIVE","potentialAction":[{"@type":"SearchAction","target":{"@type":"EntryPoint","urlTemplate":"https:\/\/rytmus.se\/goteborg\/?s={search_term_string}"},"query-input":"required name=search_term_string"}],"inLanguage":"sv-SE"}]}},"_links":{"self":[{"href":"https:\/\/rytmus.se\/goteborg\/wp-json\/wp\/v2\/article\/2004"}],"collection":[{"href":"https:\/\/rytmus.se\/goteborg\/wp-json\/wp\/v2\/article"}],"about":[{"href":"https:\/\/rytmus.se\/goteborg\/wp-json\/wp\/v2\/types\/article"}],"wp:attachment":[{"href":"https:\/\/rytmus.se\/goteborg\/wp-json\/wp\/v2\/media?parent=2004"}],"wp:term":[{"taxonomy":"article_category","embeddable":true,"href":"https:\/\/rytmus.se\/goteborg\/wp-json\/wp\/v2\/article_category?post=2004"}],"curies":[{"name":"wp","href":"https:\/\/api.w.org\/{rel}","templated":true}]}}