{"id":1490,"date":"2023-04-24T16:08:02","date_gmt":"2023-04-24T14:08:02","guid":{"rendered":"https:\/\/rytmus.se\/goteborg\/?post_type=article&#038;p=1490"},"modified":"2024-01-23T10:45:20","modified_gmt":"2024-01-23T09:45:20","slug":"valborgsfirande-med-rytmus","status":"publish","type":"article","link":"https:\/\/rytmus.se\/goteborg\/clinics-och-nyheter\/valborgsfirande-med-rytmus\/","title":{"rendered":"Valborgsfirande med Rytmus!"},"content":{"rendered":"\n<div class=\"wp-block-columns is-layout-flex wp-container-core-columns-layout-1 wp-block-columns-is-layout-flex\">\n<div class=\"wp-block-column is-layout-flow wp-block-column-is-layout-flow\">\n<h1 class=\"wp-block-heading\">Valborgsfirande med Rytmus!<\/h1>\n\n\n\n<p>Varmt v\u00e4lkomna att fira in v\u00e5ren i det numera traditionella valborgsm\u00e4ssofirandet p\u00e5 Gustaf Adolfs Torg i G\u00f6teborg den 30 april kl 12:00.&nbsp;<\/p>\n\n\n\n<p>Lyssna till de vackra v\u00e5rs\u00e5ngerna L\u00e4ngtan till landet (Vintern rasat..), Sk\u00f6na maj v\u00e4lkommen, O hur h\u00e4rligt majsol ler&#8230;men ocks\u00e5 mer nyskriven v\u00e5rmusik som V\u00e5rens f\u00f6rsta dag (Laleh), Valborg (B. Olsson&amp;H. Hellstr\u00f6m) m.fl.<\/p>\n\n\n\n<p>Med v\u00e5rtal, k\u00f6rs\u00e5ng och m\u00f6ssp\u00e5tagning f\u00f6r de blivande studenterna firar vi in v\u00e5ren denna valborgsm\u00e4ssoafton.&nbsp;<\/p>\n\n\n\n<p>Evenemanget \u00e4r helt kostnadsfritt och tillg\u00e4ngligt f\u00f6r alla som vill komma fr\u00e5n hela regionen.<\/p>\n\n\n\n<p>Medverkar g\u00f6r 200 k\u00f6rs\u00e5ngare som best\u00e5r av elever och l\u00e4rare p\u00e5 Rytmus musikgymnasium i G\u00f6teborg. under konstn\u00e4rlig ledning av Michael Johnson &amp; Fredrik Berglund.&nbsp;<\/p>\n\n\n\n<p><br>Mycket varmt v\u00e4lkomna!<\/p>\n<\/div>\n\n\n\n<div class=\"wp-block-column is-layout-flow wp-block-column-is-layout-flow\">\n\t<style>\n\t\t.inner {\n\n\t\t\tmargin: 0 auto;\n\n\n\t\t}\n\t<\/style>\n\t<div\n\t\t class=\"container images-module\" >\n\t\t<div class=\"row images_module__slideshow\">\n\n\t\t\t<div\n\t\t\t\t\tclass=\"col-md-12 p-0 position-relative images_module__slideshow images_module__slideshow-container  \">\n\t\t\t\t<div class=\"images_module__slide\" data-slide=\"\"\n\t\t\t\t\t data-duration=\"\"><\/div>\n\t\t\t\t\t\t\t\t\t<div\n\t\t\t\t\t\t class=\"images_module__slides\n\n\t\t\t\t\t   \"\n\t\t\t\t\t>\n\n\t\t\t\t\t\t<div class=\"images__wrapper\" style=\"aspect-ratio: 851 \/ 851;\">\n\t\t\t\t\t\t\t<img decoding=\"async\" width=\"2000\" height=\"1333\" src=\"https:\/\/rytmus.se\/wp-content\/uploads\/sites\/5\/2023\/04\/rytmus-valborg-goteborg-202104-202404.jpg\" class=\"images__image_ratio  \" alt=\"Studenter p\u00e5 lyfter upp studentm\u00f6ssor i ett soligt G\u00f6teborg.\" style=\"aspect-ratio: 851 \/ 851;object-position: center center;\" srcset=\"https:\/\/rytmus.se\/wp-content\/uploads\/sites\/5\/2023\/04\/rytmus-valborg-goteborg-202104-202404.jpg 2000w, https:\/\/rytmus.se\/wp-content\/uploads\/sites\/5\/2023\/04\/rytmus-valborg-goteborg-202104-202404-300x200.jpg 300w, https:\/\/rytmus.se\/wp-content\/uploads\/sites\/5\/2023\/04\/rytmus-valborg-goteborg-202104-202404-400x267.jpg 400w, https:\/\/rytmus.se\/wp-content\/uploads\/sites\/5\/2023\/04\/rytmus-valborg-goteborg-202104-202404-600x400.jpg 600w, https:\/\/rytmus.se\/wp-content\/uploads\/sites\/5\/2023\/04\/rytmus-valborg-goteborg-202104-202404-800x533.jpg 800w, https:\/\/rytmus.se\/wp-content\/uploads\/sites\/5\/2023\/04\/rytmus-valborg-goteborg-202104-202404-1024x682.jpg 1024w, https:\/\/rytmus.se\/wp-content\/uploads\/sites\/5\/2023\/04\/rytmus-valborg-goteborg-202104-202404-1200x800.jpg 1200w\" sizes=\"(max-width: 2000px) 100vw, 2000px\" \/>\t\t\t\t\t\t<\/div>\n\t\t\t\t\t\t\n\n\t\t\t\t\t\t\t\t\t\t\t<\/div>\n\t\t\t\t\n\t\t\t\t<div class=\"images_module__container_dot\">\n\t\t\t\t\t<div style=\"text-align:center\">\n\n\n\t\t\t\t\t\t\t\t\t\t\t\t\t<span   data-i=\"0\"\n\t\t\t\t\t\t\t\t  class=\"\n\t\t\t\t\t\t\timages_module__dot\n\t\t\t\t\t\t\t\t\t\t\t\t\t\t\"\n\t\t\t\t\t\t\t><\/span>\n\t\t\t\t\t\t\t\t\t\t\t<\/div>\n\t\t\t\t<\/div>\n\n\n\t\t\t<\/div>\n\t\t<\/div>\n\t<\/div>\n\n\t\n\n\n<script>\n\tvar images_display_descriptive_text = \"\";\n<\/script>\n<\/div>\n<\/div>\n\n\n\n\n<section  class=\"ams-cta ams-cta--stacked c-block l-stacked\" data-color-scheme=\"gra-ljus\">\n\t<div class=\"l-container l-stack l-stack-fluid-2xl u-pt-fluid-2xl-4xl u-pb-fluid-2xl-4xl is-center is-center@md\">\n\t\t\t\t\t<div class=\"ams-cta__intro l-stack l-stack-lg\">\n\t\t\t\t\t\n\t<h2\n\tclass=\"c-heading u-font-title-1 \"\n\tstyle=\"\">\n\t\t\n\t\t\t\t\tVill du anm\u00e4la dig till eventet?\n\t\t\t\t\n\t<\/h2>\n\n\t\t\t\t\t\t\t<\/div>\n\t\t\n\t\t\n\t\t\t<div class=\"ams-cta__action u-inline-items\">\n\t\t\t\t\t\t\t\n\n\n<a href=\"https:\/\/www.facebook.com\/events\/209782598426702\/\"\n\t\n\tclass=\"c-btn \"\n\tdata-style=\"square\"\n\tdata-size=\"md\"\n\tdata-width=\"full-mobile\"\n\tdata-variant=\"default\"\n\ttarget=\"_self\">\n\t\t\t<span class=\"label\"> L\u00e4s mer om eventet<\/span>\n\t\t\t<\/a>\n\t\t\t<\/div>\n\t<\/div>\n\n\t\t\n\n<\/section>\n","protected":false},"template":"","article_category":[6],"yoast_head":"<!-- This site is optimized with the Yoast SEO plugin v22.0 - https:\/\/yoast.com\/wordpress\/plugins\/seo\/ -->\n<title>G\u00f6teborg<\/title>\n<meta name=\"description\" content=\"Varmt v\u00e4lkomna att fira in v\u00e5ren i det numera traditionella valborgsm\u00e4ssofirandet p\u00e5 Gustaf Adolfs Torg i G\u00f6teborg.\" \/>\n<meta name=\"robots\" content=\"index, follow, max-snippet:-1, max-image-preview:large, max-video-preview:-1\" \/>\n<link rel=\"canonical\" href=\"https:\/\/rytmus.se\/goteborg\/clinics-och-nyheter\/valborgsfirande-med-rytmus\/\" \/>\n<meta property=\"og:locale\" content=\"sv_SE\" \/>\n<meta property=\"og:type\" content=\"article\" \/>\n<meta property=\"og:description\" content=\"Varmt v\u00e4lkomna att fira in v\u00e5ren i det numera traditionella valborgsm\u00e4ssofirandet p\u00e5 Gustaf Adolfs Torg i G\u00f6teborg.\" \/>\n<meta property=\"og:url\" content=\"https:\/\/rytmus.se\/goteborg\/clinics-och-nyheter\/valborgsfirande-med-rytmus\/\" \/>\n<meta property=\"og:site_name\" content=\"G\u00f6teborg\" \/>\n<meta property=\"article:modified_time\" content=\"2024-01-23T09:45:20+00:00\" \/>\n<meta name=\"twitter:card\" content=\"summary_large_image\" \/>\n<meta name=\"twitter:description\" content=\"Varmt v\u00e4lkomna att fira in v\u00e5ren i det numera traditionella valborgsm\u00e4ssofirandet p\u00e5 Gustaf Adolfs Torg i G\u00f6teborg.\" \/>\n<meta name=\"twitter:image\" content=\"https:\/\/rytmus.se\/wp-content\/uploads\/sites\/5\/2023\/04\/rytmus-valborg-goteborg-202104-202404-1200x630.jpg\" \/>\n<meta name=\"twitter:label1\" content=\"Ber\u00e4knad l\u00e4stid\" \/>\n\t<meta name=\"twitter:data1\" content=\"1 minut\" \/>\n<script type=\"application\/ld+json\" class=\"yoast-schema-graph\">{\"@context\":\"https:\/\/schema.org\",\"@graph\":[{\"@type\":\"WebPage\",\"@id\":\"https:\/\/rytmus.se\/goteborg\/clinics-och-nyheter\/valborgsfirande-med-rytmus\/\",\"url\":\"https:\/\/rytmus.se\/goteborg\/clinics-och-nyheter\/valborgsfirande-med-rytmus\/\",\"name\":\"Valborgsfirande med Rytmus! - G\u00f6teborg\",\"isPartOf\":{\"@id\":\"https:\/\/rytmus.se\/goteborg\/#website\"},\"datePublished\":\"2023-04-24T14:08:02+00:00\",\"dateModified\":\"2024-01-23T09:45:20+00:00\",\"description\":\"Varmt v\u00e4lkomna att fira in v\u00e5ren i det numera traditionella valborgsm\u00e4ssofirandet p\u00e5 Gustaf Adolfs Torg i G\u00f6teborg.\",\"breadcrumb\":{\"@id\":\"https:\/\/rytmus.se\/goteborg\/clinics-och-nyheter\/valborgsfirande-med-rytmus\/#breadcrumb\"},\"inLanguage\":\"sv-SE\",\"potentialAction\":[{\"@type\":\"ReadAction\",\"target\":[\"https:\/\/rytmus.se\/goteborg\/clinics-och-nyheter\/valborgsfirande-med-rytmus\/\"]}]},{\"@type\":\"BreadcrumbList\",\"@id\":\"https:\/\/rytmus.se\/goteborg\/clinics-och-nyheter\/valborgsfirande-med-rytmus\/#breadcrumb\",\"itemListElement\":[{\"@type\":\"ListItem\",\"position\":1,\"name\":\"Start\",\"item\":\"https:\/\/rytmus.se\/goteborg\"},{\"@type\":\"ListItem\",\"position\":2,\"name\":\"Clinics och nyheter\"}]},{\"@type\":\"WebSite\",\"@id\":\"https:\/\/rytmus.se\/goteborg\/#website\",\"url\":\"https:\/\/rytmus.se\/goteborg\/\",\"name\":\"G\u00f6teborg\",\"description\":\"MAKE | MUSIC | LIVE\",\"potentialAction\":[{\"@type\":\"SearchAction\",\"target\":{\"@type\":\"EntryPoint\",\"urlTemplate\":\"https:\/\/rytmus.se\/goteborg\/?s={search_term_string}\"},\"query-input\":\"required name=search_term_string\"}],\"inLanguage\":\"sv-SE\"}]}<\/script>\n<!-- \/ Yoast SEO plugin. -->","yoast_head_json":{"title":"G\u00f6teborg","description":"Varmt v\u00e4lkomna att fira in v\u00e5ren i det numera traditionella valborgsm\u00e4ssofirandet p\u00e5 Gustaf Adolfs Torg i G\u00f6teborg.","robots":{"index":"index","follow":"follow","max-snippet":"max-snippet:-1","max-image-preview":"max-image-preview:large","max-video-preview":"max-video-preview:-1"},"canonical":"https:\/\/rytmus.se\/goteborg\/clinics-och-nyheter\/valborgsfirande-med-rytmus\/","og_locale":"sv_SE","og_type":"article","og_description":"Varmt v\u00e4lkomna att fira in v\u00e5ren i det numera traditionella valborgsm\u00e4ssofirandet p\u00e5 Gustaf Adolfs Torg i G\u00f6teborg.","og_url":"https:\/\/rytmus.se\/goteborg\/clinics-och-nyheter\/valborgsfirande-med-rytmus\/","og_site_name":"G\u00f6teborg","article_modified_time":"2024-01-23T09:45:20+00:00","twitter_card":"summary_large_image","twitter_description":"Varmt v\u00e4lkomna att fira in v\u00e5ren i det numera traditionella valborgsm\u00e4ssofirandet p\u00e5 Gustaf Adolfs Torg i G\u00f6teborg.","twitter_image":"https:\/\/rytmus.se\/wp-content\/uploads\/sites\/5\/2023\/04\/rytmus-valborg-goteborg-202104-202404-1200x630.jpg","twitter_misc":{"Ber\u00e4knad l\u00e4stid":"1 minut"},"schema":{"@context":"https:\/\/schema.org","@graph":[{"@type":"WebPage","@id":"https:\/\/rytmus.se\/goteborg\/clinics-och-nyheter\/valborgsfirande-med-rytmus\/","url":"https:\/\/rytmus.se\/goteborg\/clinics-och-nyheter\/valborgsfirande-med-rytmus\/","name":"Valborgsfirande med Rytmus! - G\u00f6teborg","isPartOf":{"@id":"https:\/\/rytmus.se\/goteborg\/#website"},"datePublished":"2023-04-24T14:08:02+00:00","dateModified":"2024-01-23T09:45:20+00:00","description":"Varmt v\u00e4lkomna att fira in v\u00e5ren i det numera traditionella valborgsm\u00e4ssofirandet p\u00e5 Gustaf Adolfs Torg i G\u00f6teborg.","breadcrumb":{"@id":"https:\/\/rytmus.se\/goteborg\/clinics-och-nyheter\/valborgsfirande-med-rytmus\/#breadcrumb"},"inLanguage":"sv-SE","potentialAction":[{"@type":"ReadAction","target":["https:\/\/rytmus.se\/goteborg\/clinics-och-nyheter\/valborgsfirande-med-rytmus\/"]}]},{"@type":"BreadcrumbList","@id":"https:\/\/rytmus.se\/goteborg\/clinics-och-nyheter\/valborgsfirande-med-rytmus\/#breadcrumb","itemListElement":[{"@type":"ListItem","position":1,"name":"Start","item":"https:\/\/rytmus.se\/goteborg"},{"@type":"ListItem","position":2,"name":"Clinics och nyheter"}]},{"@type":"WebSite","@id":"https:\/\/rytmus.se\/goteborg\/#website","url":"https:\/\/rytmus.se\/goteborg\/","name":"G\u00f6teborg","description":"MAKE | MUSIC | LIVE","potentialAction":[{"@type":"SearchAction","target":{"@type":"EntryPoint","urlTemplate":"https:\/\/rytmus.se\/goteborg\/?s={search_term_string}"},"query-input":"required name=search_term_string"}],"inLanguage":"sv-SE"}]}},"_links":{"self":[{"href":"https:\/\/rytmus.se\/goteborg\/wp-json\/wp\/v2\/article\/1490"}],"collection":[{"href":"https:\/\/rytmus.se\/goteborg\/wp-json\/wp\/v2\/article"}],"about":[{"href":"https:\/\/rytmus.se\/goteborg\/wp-json\/wp\/v2\/types\/article"}],"wp:attachment":[{"href":"https:\/\/rytmus.se\/goteborg\/wp-json\/wp\/v2\/media?parent=1490"}],"wp:term":[{"taxonomy":"article_category","embeddable":true,"href":"https:\/\/rytmus.se\/goteborg\/wp-json\/wp\/v2\/article_category?post=1490"}],"curies":[{"name":"wp","href":"https:\/\/api.w.org\/{rel}","templated":true}]}}